{"id":4413,"date":"2020-10-30T21:08:26","date_gmt":"2020-10-30T21:08:26","guid":{"rendered":"https:\/\/tvc16.com\/portal\/?p=4413"},"modified":"2020-10-30T21:08:26","modified_gmt":"2020-10-30T21:08:26","slug":"maradona-comemora-60o-aniversario-com-homenagens-por-todo-o-mundo","status":"publish","type":"post","link":"https:\/\/tvc16.com\/portal\/2020\/10\/30\/maradona-comemora-60o-aniversario-com-homenagens-por-todo-o-mundo\/","title":{"rendered":"Maradona comemora 60\u00ba anivers\u00e1rio com homenagens por todo o mundo"},"content":{"rendered":"\n<h3 class=\"wp-block-heading\">\u00cdcone argentino deve comemorar em casa pois estaria com covid-19<\/h3>\n\n\n\n<h4 class=\"wp-block-heading\">Por Ramiro Scandolo &#8211; Buenos Aires<\/h4>\n\n\n\n<figure class=\"wp-block-image\"><a href=\"https:\/\/br.reuters.com\/\" target=\"_blank\" rel=\"noreferrer noopener\"><img decoding=\"async\" src=\"https:\/\/agenciabrasil.ebc.com.br\/sites\/default\/files\/styles\/269x0\/public\/logo_parceiros\/logo_reuters.jpg?itok=1pP189Lc\" alt=\"Reuters\"\/><\/a><\/figure>\n\n\n\n<p>Diego&nbsp;Maradona&nbsp;comemora&nbsp;seu 60\u00ba anivers\u00e1rio nesta sexta-feira (30) com homenagens de todo o mundo e a montagem de um outdoor de 100 metros de comprimento no centro da capital Buenos Aires (Argentina).&nbsp;Mas o t\u00e9cnico do Gimnasia y Esgrima deve passar um dia tranquilo em casa e pode perder a retomada da Liga Argentina por causa do temor da pandemia do novo coronav\u00edrus (covid-19).<img decoding=\"async\" src=\"https:\/\/agenciabrasil.ebc.com.br\/ebc.png?id=1391948&amp;o=node\"><img decoding=\"async\" src=\"https:\/\/agenciabrasil.ebc.com.br\/ebc.gif?id=1391948&amp;o=node\"><\/p>\n\n\n\n<p>Segundo reportagens, o ex-atacante do Boca Juniors e do Napoli teve contato com uma pessoa que mostrou sintomas de covid-19 e pode n\u00e3o acompanhar a partida de seu time contra o Patronato, a primeira da campanha rec\u00e9m-reiniciada da primeira divis\u00e3o, que foi interrompida em mar\u00e7o.&nbsp;Mas amigos enviaram homenagens ao \u00edcone extravagante, que levou a Argentina ao t\u00edtulo da Copa do Mundo de 1986.<\/p>\n\n\n\n<p>&#8220;Come\u00e7o meu sexag\u00e9simo com estas mensagens maravilhosas que todos voc\u00eas me enviaram&#8221;, disse&nbsp;Maradona&nbsp;em resposta. &#8220;Obrigado por seu amor e sua amizade. Este \u00e9 o melhor presente que poderiam ter me dado.&#8221;<\/p>\n\n\n\n<p>No Instagram, grandes nomes do futebol mundial, como o ex-atacante Ronaldo do Brasil, o treinador portugu\u00eas Jos\u00e9 Mourinho e o ex-capit\u00e3o da It\u00e1lia Franco Baresi, transmitiram seus melhores votos.<\/p>\n\n\n\n<p>Maradona&nbsp;\u00e9 considerado um dos maiores jogadores de futebol de todos os tempos. A conquista do Mundial com a Argentina e seus dois gols na Inglaterra na vit\u00f3ria das quartas de final &#8211;um deles o pol\u00eamico &#8220;M\u00e3o de Deus&#8221;&#8211; s\u00e3o momentos inesquec\u00edveis da hist\u00f3ria do esporte.<\/p>\n\n\n\n<p>Mas seu v\u00edcio em drogas maculou seus anos posteriores na It\u00e1lia e o levou a ser expulso da Copa do Mundo de 1994, ficando afastado do esporte durante 15 meses.<\/p>\n","protected":false},"excerpt":{"rendered":"<p>\u00cdcone argentino deve comemorar em casa pois estaria com covid-19 Por Ramiro Scandolo &#8211; Buenos<\/p>\n","protected":false},"author":2,"featured_media":4414,"comment_status":"open","ping_status":"open","sticky":false,"template":"","format":"standard","meta":{"footnotes":""},"categories":[20],"tags":[],"class_list":["post-4413","post","type-post","status-publish","format-standard","has-post-thumbnail","hentry","category-esporte"],"_links":{"self":[{"href":"https:\/\/tvc16.com\/portal\/wp-json\/wp\/v2\/posts\/4413","targetHints":{"allow":["GET"]}}],"collection":[{"href":"https:\/\/tvc16.com\/portal\/wp-json\/wp\/v2\/posts"}],"about":[{"href":"https:\/\/tvc16.com\/portal\/wp-json\/wp\/v2\/types\/post"}],"author":[{"embeddable":true,"href":"https:\/\/tvc16.com\/portal\/wp-json\/wp\/v2\/users\/2"}],"replies":[{"embeddable":true,"href":"https:\/\/tvc16.com\/portal\/wp-json\/wp\/v2\/comments?post=4413"}],"version-history":[{"count":1,"href":"https:\/\/tvc16.com\/portal\/wp-json\/wp\/v2\/posts\/4413\/revisions"}],"predecessor-version":[{"id":4415,"href":"https:\/\/tvc16.com\/portal\/wp-json\/wp\/v2\/posts\/4413\/revisions\/4415"}],"wp:featuredmedia":[{"embeddable":true,"href":"https:\/\/tvc16.com\/portal\/wp-json\/wp\/v2\/media\/4414"}],"wp:attachment":[{"href":"https:\/\/tvc16.com\/portal\/wp-json\/wp\/v2\/media?parent=4413"}],"wp:term":[{"taxonomy":"category","embeddable":true,"href":"https:\/\/tvc16.com\/portal\/wp-json\/wp\/v2\/categories?post=4413"},{"taxonomy":"post_tag","embeddable":true,"href":"https:\/\/tvc16.com\/portal\/wp-json\/wp\/v2\/tags?post=4413"}],"curies":[{"name":"wp","href":"https:\/\/api.w.org\/{rel}","templated":true}]}}