{"id":4419,"date":"2020-10-30T21:12:31","date_gmt":"2020-10-30T21:12:31","guid":{"rendered":"https:\/\/tvc16.com\/portal\/?p=4419"},"modified":"2020-10-30T21:12:31","modified_gmt":"2020-10-30T21:12:31","slug":"tecnico-do-psg-confirma-lesao-de-neymar-e-preve-volta-apos-3-semanas","status":"publish","type":"post","link":"https:\/\/tvc16.com\/portal\/2020\/10\/30\/tecnico-do-psg-confirma-lesao-de-neymar-e-preve-volta-apos-3-semanas\/","title":{"rendered":"T\u00e9cnico do PSG confirma les\u00e3o de Neymar e prev\u00ea volta ap\u00f3s 3 semanas"},"content":{"rendered":"\n<h3 class=\"wp-block-heading\">CBF monitora situa\u00e7\u00e3o e n\u00e3o descarta corte para jogos da Eliminat\u00f3rias<\/h3>\n\n\n\n<h4 class=\"wp-block-heading\">or Juliano Justo &#8211; Rep\u00f3rter da TV Brasil e R\u00e1dio Nacional &#8211; S\u00e3o Paulo<\/h4>\n\n\n\n<p>O t\u00e9cnico do Paris Saint-Germain (PSG), Thomas Tuchel confirmou na manh\u00e3 desta sexta-feira&nbsp;(30) a les\u00e3o do atacante&nbsp;Neymar. Em entrevista coletiva, Tuchel afirmou que a recupera\u00e7\u00e3o do atleta deve ocorrer em tr\u00eas semanas.&nbsp;O camisa 10 deve desfalcar a equipe nos pr\u00f3ximos tr\u00eas jogos contra Nantes, Rennes e RB Leipzig.<img decoding=\"async\" src=\"https:\/\/agenciabrasil.ebc.com.br\/ebc.png?id=1391923&amp;o=node\"><img decoding=\"async\" src=\"https:\/\/agenciabrasil.ebc.com.br\/ebc.gif?id=1391923&amp;o=node\"><\/p>\n\n\n\n<p>&#8220;A informa\u00e7\u00e3o que eu tenho \u00e9 que ele volta depois da pausa para as partidas das Eliminat\u00f3rias da Copa do Mundo&#8221;, disse o treinador alem\u00e3o. E admitiu: &#8220;Estamos tristes por Neymar estar machucado, mas ele pode voltar ap\u00f3s o intevalo\u00a0<\/p>\n\n\n\n<p>Na \u00faltima&nbsp;quarta (28), Neymar&nbsp;saiu de campo aos 26min do primeiro tempo no embate entre PSG e Istambul Basaksehir pela Liga dos Campe\u00f5es, depois de sentir dores na coxa esquerda.&nbsp;O t\u00e9cnico da Sele\u00e7\u00e3o Brasileira, Tite e a comiss\u00e3o t\u00e9cnica da CBF monitoram a situa\u00e7\u00e3o do jogador, que at\u00e9 o momento segue entre os convocados para os pr\u00f3ximos dois jogos das&nbsp;Eliminat\u00f3rias Sul-Americanas da Copa do Mundo do Catar. O Brasil encara a Venezuela, no dias 13 de novembro, em S\u00e3o Paulo, e quatro dias depois, enfrenta o Uruguai, na capital Montevid\u00e9u.&nbsp;<\/p>\n\n\n\n<p>Edi\u00e7\u00e3o: Cl\u00e1udia Soares Rodrigues<\/p>\n","protected":false},"excerpt":{"rendered":"<p>CBF monitora situa\u00e7\u00e3o e n\u00e3o descarta corte para jogos da Eliminat\u00f3rias or Juliano Justo &#8211;<\/p>\n","protected":false},"author":2,"featured_media":4420,"comment_status":"open","ping_status":"open","sticky":false,"template":"","format":"standard","meta":{"footnotes":""},"categories":[20],"tags":[],"class_list":["post-4419","post","type-post","status-publish","format-standard","has-post-thumbnail","hentry","category-esporte"],"_links":{"self":[{"href":"https:\/\/tvc16.com\/portal\/wp-json\/wp\/v2\/posts\/4419","targetHints":{"allow":["GET"]}}],"collection":[{"href":"https:\/\/tvc16.com\/portal\/wp-json\/wp\/v2\/posts"}],"about":[{"href":"https:\/\/tvc16.com\/portal\/wp-json\/wp\/v2\/types\/post"}],"author":[{"embeddable":true,"href":"https:\/\/tvc16.com\/portal\/wp-json\/wp\/v2\/users\/2"}],"replies":[{"embeddable":true,"href":"https:\/\/tvc16.com\/portal\/wp-json\/wp\/v2\/comments?post=4419"}],"version-history":[{"count":1,"href":"https:\/\/tvc16.com\/portal\/wp-json\/wp\/v2\/posts\/4419\/revisions"}],"predecessor-version":[{"id":4421,"href":"https:\/\/tvc16.com\/portal\/wp-json\/wp\/v2\/posts\/4419\/revisions\/4421"}],"wp:featuredmedia":[{"embeddable":true,"href":"https:\/\/tvc16.com\/portal\/wp-json\/wp\/v2\/media\/4420"}],"wp:attachment":[{"href":"https:\/\/tvc16.com\/portal\/wp-json\/wp\/v2\/media?parent=4419"}],"wp:term":[{"taxonomy":"category","embeddable":true,"href":"https:\/\/tvc16.com\/portal\/wp-json\/wp\/v2\/categories?post=4419"},{"taxonomy":"post_tag","embeddable":true,"href":"https:\/\/tvc16.com\/portal\/wp-json\/wp\/v2\/tags?post=4419"}],"curies":[{"name":"wp","href":"https:\/\/api.w.org\/{rel}","templated":true}]}}