{"id":4422,"date":"2020-10-30T21:14:06","date_gmt":"2020-10-30T21:14:06","guid":{"rendered":"https:\/\/tvc16.com\/portal\/?p=4422"},"modified":"2020-10-30T21:14:06","modified_gmt":"2020-10-30T21:14:06","slug":"reino-unido-louva-abordagem-escalonada-contra-a-covid","status":"publish","type":"post","link":"https:\/\/tvc16.com\/portal\/2020\/10\/30\/reino-unido-louva-abordagem-escalonada-contra-a-covid\/","title":{"rendered":"Reino Unido louva abordagem &#8220;escalonada&#8221; contra a covid"},"content":{"rendered":"\n<h3 class=\"wp-block-heading\">B\u00e9lgica \u00e9 um dos pa\u00edses mais afetados da Europa<\/h3>\n\n\n\n<h4 class=\"wp-block-heading\">Por Alistair Smout e Paul Sandle &#8211; Reuters &#8211; Londres<\/h4>\n\n\n\n<figure class=\"wp-block-image\"><a href=\"https:\/\/br.reuters.com\/\" target=\"_blank\" rel=\"noreferrer noopener\"><img decoding=\"async\" src=\"https:\/\/agenciabrasil.ebc.com.br\/sites\/default\/files\/styles\/269x0\/public\/logo_parceiros\/logo_reuters.jpg?itok=1pP189Lc\" alt=\"Reuters\"\/><\/a><\/figure>\n\n\n\n<p>A abordagem \u201cescalonada\u201d do Reino Unido para conter o coronav\u00edrus parece estar funcionando, disse seu ministro das Rela\u00e7\u00f5es Exteriores nesta sexta-feira (30), ao mesmo tempo em que Fran\u00e7a e Alemanha preparam novos controles a aglomera\u00e7\u00f5es quase t\u00e3o r\u00edgidos quanto os&nbsp;<em>lockdowns<\/em>&nbsp;da primavera.<img decoding=\"async\" src=\"https:\/\/agenciabrasil.ebc.com.br\/ebc.png?id=1391920&amp;o=node\"><img decoding=\"async\" src=\"https:\/\/agenciabrasil.ebc.com.br\/ebc.gif?id=1391920&amp;o=node\"><\/p>\n\n\n\n<p>Europa e Estados Unidos emergiram como as zonas de perigo atuais da covid-19, que foi identificada na China em dezembro, em meio a uma crise global na qual quase 45 milh\u00f5es de pessoas j\u00e1 foram infectadas e 1.178.943 morreram.<\/p>\n\n\n\n<p>O chanceler brit\u00e2nico, Dominic Raab, disse que a abordagem localizada pode funcionar se todos respeitarem as regras.<\/p>\n\n\n\n<p>O Reino Unido registrou uma m\u00e9dia de mais de 20 mil casos di\u00e1rios novos ao longo da \u00faltima semana, e uma m\u00e9dia de mais de 200 mortes di\u00e1rias no mesmo per\u00edodo.<\/p>\n\n\n\n<p>Indagado se um&nbsp;<em>lockdown<\/em>&nbsp;nacional \u00e9 inevit\u00e1vel agora, Raab respondeu: \u201cN\u00e3o, n\u00e3o acho que isto esteja certo, mas o que nos guia \u00e9 a taxa do v\u00edrus.\u201d<\/p>\n\n\n\n<p>\u201cVimos alguns ind\u00edcios, desde que come\u00e7amos a adotar esta abordagem escalonada, de que a taxa de crescimento desacelerou\u201d, disse ele \u00e0 BBC TV.<\/p>\n\n\n\n<p>O governo adotou um sistema de tr\u00eas escal\u00f5es de restri\u00e7\u00f5es para \u00e1reas locais, mas o Partido Trabalhista, de oposi\u00e7\u00e3o, pediu um&nbsp;<em>lockdown<\/em>&nbsp;tempor\u00e1rio para romper cadeias de infec\u00e7\u00e3o.<\/p>\n\n\n\n<p>Fran\u00e7a e Alemanha anunciaram novos&nbsp;<em>lockdowns<\/em>&nbsp;nesta semana, j\u00e1 que as infec\u00e7\u00f5es passaram da marca de 10 milh\u00f5es no continente e hospitais e unidades de tratamento intensivo voltaram a ficar repletos de pacientes.<\/p>\n\n\n\n<p>Bares, restaurantes e eventos esportivos e culturais foram restringidos ou fechados em v\u00e1rios outros pa\u00edses europeus.<\/p>\n\n\n\n<p>A B\u00e9lgica, um dos pa\u00edses mais afetados da Europa, registrou uma m\u00e9dia de 15.316 infec\u00e7\u00f5es novas por dia em meados de outubro, disseram autoridades de sa\u00fade, horas antes de o governo cogitar um&nbsp;<em>lockdown<\/em>. A \u00c1ustria registrou seu maior n\u00famero di\u00e1rio de infec\u00e7\u00f5es at\u00e9 o momento.<\/p>\n\n\n\n<p>O ministro da Economia da It\u00e1lia, Roberto Gualtieri, disse nesta sexta-feira (30) que a \u201cprioridade absoluta\u201d do governo \u00e9 evitar um&nbsp;<em>lockdown<\/em>&nbsp;nacional, mas a comiss\u00e1ria de Sa\u00fade da Uni\u00e3o Europeia, Stella Kyriakides, disse que os membros do bloco deveriam estar preparados para impor novas restri\u00e7\u00f5es.<\/p>\n\n\n\n<p>O aumento das infec\u00e7\u00f5es voltou a abalar os mercados financeiros. A\u00e7\u00f5es ca\u00edram em todo o mundo, e o petr\u00f3leo rumava para um recuo de dois d\u00edgitos nesta sexta-feira (30).<\/p>\n","protected":false},"excerpt":{"rendered":"<p>B\u00e9lgica \u00e9 um dos pa\u00edses mais afetados da Europa Por Alistair Smout e Paul Sandle<\/p>\n","protected":false},"author":2,"featured_media":4423,"comment_status":"open","ping_status":"open","sticky":false,"template":"","format":"standard","meta":{"footnotes":""},"categories":[22],"tags":[],"class_list":["post-4422","post","type-post","status-publish","format-standard","has-post-thumbnail","hentry","category-internacional"],"_links":{"self":[{"href":"https:\/\/tvc16.com\/portal\/wp-json\/wp\/v2\/posts\/4422","targetHints":{"allow":["GET"]}}],"collection":[{"href":"https:\/\/tvc16.com\/portal\/wp-json\/wp\/v2\/posts"}],"about":[{"href":"https:\/\/tvc16.com\/portal\/wp-json\/wp\/v2\/types\/post"}],"author":[{"embeddable":true,"href":"https:\/\/tvc16.com\/portal\/wp-json\/wp\/v2\/users\/2"}],"replies":[{"embeddable":true,"href":"https:\/\/tvc16.com\/portal\/wp-json\/wp\/v2\/comments?post=4422"}],"version-history":[{"count":1,"href":"https:\/\/tvc16.com\/portal\/wp-json\/wp\/v2\/posts\/4422\/revisions"}],"predecessor-version":[{"id":4424,"href":"https:\/\/tvc16.com\/portal\/wp-json\/wp\/v2\/posts\/4422\/revisions\/4424"}],"wp:featuredmedia":[{"embeddable":true,"href":"https:\/\/tvc16.com\/portal\/wp-json\/wp\/v2\/media\/4423"}],"wp:attachment":[{"href":"https:\/\/tvc16.com\/portal\/wp-json\/wp\/v2\/media?parent=4422"}],"wp:term":[{"taxonomy":"category","embeddable":true,"href":"https:\/\/tvc16.com\/portal\/wp-json\/wp\/v2\/categories?post=4422"},{"taxonomy":"post_tag","embeddable":true,"href":"https:\/\/tvc16.com\/portal\/wp-json\/wp\/v2\/tags?post=4422"}],"curies":[{"name":"wp","href":"https:\/\/api.w.org\/{rel}","templated":true}]}}