{"id":4425,"date":"2020-10-30T21:15:48","date_gmt":"2020-10-30T21:15:48","guid":{"rendered":"https:\/\/tvc16.com\/portal\/?p=4425"},"modified":"2020-10-30T21:15:48","modified_gmt":"2020-10-30T21:15:48","slug":"total-de-mortos-por-terremoto-na-turquia-pode-passar-de-seis","status":"publish","type":"post","link":"https:\/\/tvc16.com\/portal\/2020\/10\/30\/total-de-mortos-por-terremoto-na-turquia-pode-passar-de-seis\/","title":{"rendered":"Total de mortos por terremoto na Turquia pode passar de seis"},"content":{"rendered":"\n<h3 class=\"wp-block-heading\">H\u00e1 mais de 202 pessoas feridas. V\u00e1rios pr\u00e9dios desabaram<\/h3>\n\n\n\n<p>O terremoto que atingiu hoje o Mar Egeu matou pelo menos seis pessoas na Turquia e provocou o desabamento de pr\u00e9dios, al\u00e9m de criar maremotos nas regi\u00f5es costeiras e os arredores das ilhas gregas.<img decoding=\"async\" src=\"https:\/\/agenciabrasil.ebc.com.br\/ebc.png?id=1391932&amp;o=node\"><img decoding=\"async\" src=\"https:\/\/agenciabrasil.ebc.com.br\/ebc.gif?id=1391932&amp;o=node\"><\/p>\n\n\n\n<p>Pessoas lotaram as ruas da cidade costeira de Izmir, na Turquia, depois que o terremoto atingiu 7 graus na escala Richter. Alguns bairros foram inundados com o avan\u00e7o da \u00e1gua do mar, que varreu uma enxurrada de detritos para o interior e deixou os peixes encalhados \u00e0 medida que as ondas recuavam.<\/p>\n\n\n\n<p>A presid\u00eancia do Gerenciamento de Emerg\u00eancias e Desastres (Afad) disse que seis pessoas morreram, uma delas por afogamento, enquanto 202 pessoas ficaram feridas.<\/p>\n\n\n\n<p>H\u00e1 relatos de pr\u00e9dios que desabaram com pessoas presas nos escombros em alguns distritos de Izmir, uma das principais regi\u00f5es tur\u00edsticas da Turquia, al\u00e9m de danos a propriedades em outras prov\u00edncias, disseram autoridades turcas.<\/p>\n\n\n\n<p>O prefeito de Izmir, Tunc Soyer, disse que 20 pr\u00e9dios desabaram na prov\u00edncia. O governo de Izmir informou que 70 pessoas foram resgatados dos escombros.<\/p>\n\n\n\n<h2 class=\"wp-block-heading\">V\u00edtimas sob escombros<\/h2>\n\n\n\n<p>Ilke Cide, um estudante de doutorado que estava em Izmir no momento do terremoto, disse que foi para terra firme enquanto a mar\u00e9 subia por causa do terremoto.<\/p>\n\n\n\n<p>&#8220;Estou acostumado com terremotos, ent\u00e3o n\u00e3o levei muito a s\u00e9rio a princ\u00edpio, mas dessa vez foi realmente assustador&#8221;, contou ele, acrescentando que o tremor durou entre 25 e 30 segundos.<\/p>\n\n\n\n<p>Moradores da ilha grega de Samos, que tem uma popula\u00e7\u00e3o de 45 mil habitantes, receberam apelos para se manterem distantes das \u00e1reas costeiras, disse Eftyhmios Lekkas, chefe da organiza\u00e7\u00e3o grega para planejamento anti-s\u00edsmico.<\/p>\n\n\n\n<p>Avisos de ondas altas estavam em vigor em Samos, onde oito pessoas ficaram feridas. &#8220;Nunca experimentamos nada parecido&#8221;, disse George Dionysiou, o vice-prefeito local. &#8220;As pessoas est\u00e3o em p\u00e2nico.&#8221;<\/p>\n","protected":false},"excerpt":{"rendered":"<p>H\u00e1 mais de 202 pessoas feridas. V\u00e1rios pr\u00e9dios desabaram O terremoto que atingiu hoje o<\/p>\n","protected":false},"author":2,"featured_media":4426,"comment_status":"open","ping_status":"open","sticky":false,"template":"","format":"standard","meta":{"footnotes":""},"categories":[22],"tags":[],"class_list":["post-4425","post","type-post","status-publish","format-standard","has-post-thumbnail","hentry","category-internacional"],"_links":{"self":[{"href":"https:\/\/tvc16.com\/portal\/wp-json\/wp\/v2\/posts\/4425","targetHints":{"allow":["GET"]}}],"collection":[{"href":"https:\/\/tvc16.com\/portal\/wp-json\/wp\/v2\/posts"}],"about":[{"href":"https:\/\/tvc16.com\/portal\/wp-json\/wp\/v2\/types\/post"}],"author":[{"embeddable":true,"href":"https:\/\/tvc16.com\/portal\/wp-json\/wp\/v2\/users\/2"}],"replies":[{"embeddable":true,"href":"https:\/\/tvc16.com\/portal\/wp-json\/wp\/v2\/comments?post=4425"}],"version-history":[{"count":1,"href":"https:\/\/tvc16.com\/portal\/wp-json\/wp\/v2\/posts\/4425\/revisions"}],"predecessor-version":[{"id":4427,"href":"https:\/\/tvc16.com\/portal\/wp-json\/wp\/v2\/posts\/4425\/revisions\/4427"}],"wp:featuredmedia":[{"embeddable":true,"href":"https:\/\/tvc16.com\/portal\/wp-json\/wp\/v2\/media\/4426"}],"wp:attachment":[{"href":"https:\/\/tvc16.com\/portal\/wp-json\/wp\/v2\/media?parent=4425"}],"wp:term":[{"taxonomy":"category","embeddable":true,"href":"https:\/\/tvc16.com\/portal\/wp-json\/wp\/v2\/categories?post=4425"},{"taxonomy":"post_tag","embeddable":true,"href":"https:\/\/tvc16.com\/portal\/wp-json\/wp\/v2\/tags?post=4425"}],"curies":[{"name":"wp","href":"https:\/\/api.w.org\/{rel}","templated":true}]}}