{"id":4428,"date":"2020-10-30T21:18:20","date_gmt":"2020-10-30T21:18:20","guid":{"rendered":"https:\/\/tvc16.com\/portal\/?p=4428"},"modified":"2020-10-30T21:18:20","modified_gmt":"2020-10-30T21:18:20","slug":"milhares-de-muculmanos-protestam-contra-comentarios-de-macron","status":"publish","type":"post","link":"https:\/\/tvc16.com\/portal\/2020\/10\/30\/milhares-de-muculmanos-protestam-contra-comentarios-de-macron\/","title":{"rendered":"Milhares de mu\u00e7ulmanos protestam contra coment\u00e1rios de Macron"},"content":{"rendered":"\n<h3 class=\"wp-block-heading\">No Paquist\u00e3o, pol\u00edcia usou g\u00e1s lacrimog\u00eanio para conter multid\u00e3o<\/h3>\n\n\n\n<h4 class=\"wp-block-heading\">Por Reuters &#8211; Cingapura<\/h4>\n\n\n\n<figure class=\"wp-block-image\"><a href=\"https:\/\/br.reuters.com\/\" target=\"_blank\" rel=\"noreferrer noopener\"><img decoding=\"async\" src=\"https:\/\/agenciabrasil.ebc.com.br\/sites\/default\/files\/styles\/269x0\/public\/logo_parceiros\/logo_reuters.jpg?itok=1pP189Lc\" alt=\"Reuters\"\/><\/a><\/figure>\n\n\n\n<p>Dezenas de milhares de mu\u00e7ulmanos protestaram no Paquist\u00e3o, em Bangladesh e em territ\u00f3rios palestinos nesta sexta-feira (30) depois que assassinatos em uma igreja da Fran\u00e7a levaram o presidente Emmanuel Macron a se posicionar com firmeza contra ataques aos valores franceses e \u00e0 liberdade de express\u00e3o.<img decoding=\"async\" src=\"https:\/\/agenciabrasil.ebc.com.br\/ebc.png?id=1391935&amp;o=node\"><img decoding=\"async\" src=\"https:\/\/agenciabrasil.ebc.com.br\/ebc.gif?id=1391935&amp;o=node\"><\/p>\n\n\n\n<p>O ministro do Interior franc\u00eas, G\u00e9rald Damarnin, disse que seu pa\u00eds &#8211; que abriga a maior comunidade mu\u00e7ulmana da Europa e foi alvo de uma s\u00e9rie de ataques militantes em anos recentes \u2013 est\u00e1 engajado em uma guerra contra a ideologia isl\u00e2mica e que mais ataques s\u00e3o prov\u00e1veis.<\/p>\n\n\n\n<p>No Paquist\u00e3o, a pol\u00edcia usou g\u00e1s lacrimog\u00eaneo contra milhares de manifestantes que marcharam contra a embaixada francesa em Islamabad. Alguns deles tentaram romper as barreiras policiais, disseram testemunhas.<\/p>\n\n\n\n<p>Em Bangladesh, pa\u00eds de maioria mu\u00e7ulmana, dezenas de milhares marcharam na capital Daca bradando slogans como \u201cboicote produtos franceses\u201d e portando cartazes nos quais Macron \u00e9 rotulado como \u201co pior terrorista do mundo\u201d.<\/p>\n\n\n\n<p>\u201cMacron est\u00e1 liderando a islamofobia\u201d, disse um manifestante de Daca, Akramul Haq. \u201cEle n\u00e3o conhece o poder do Isl\u00e3. O mundo mu\u00e7ulmano n\u00e3o deixar\u00e1 que isto seja em v\u00e3o. N\u00f3s nos ergueremos e nos solidarizaremos contra ele.\u201d<\/p>\n\n\n\n<p>Alguns manifestantes bengalis tamb\u00e9m queimaram ef\u00edgies de Macron e carregaram imagens do presidente com uma grinalda de sapatos ao redor do pesco\u00e7o &#8211;um insulto grave, de acordo com o Isl\u00e3.<\/p>\n\n\n\n<p>Em um distrito de maioria mu\u00e7ulmana de Mumbai, o polo financeiro da \u00cdndia, cerca de 100 p\u00f4steres mostrando Macron com uma bota no rosto e o rotulando de \u201cdem\u00f4nio\u201d foram colados em cal\u00e7adas e ruas.<\/p>\n\n\n\n<p>Milhares de fi\u00e9is palestinos se reuniram ap\u00f3s as ora\u00e7\u00f5es desta sexta-feira na mesquita de Al-Aqsa, o terceiro local mais sagrado do Isl\u00e3, para repudiar a republica\u00e7\u00e3o de caricaturas de Maom\u00e9 na Fran\u00e7a. \u201cUma na\u00e7\u00e3o cujo l\u00edder \u00e9 Maom\u00e9 n\u00e3o ser\u00e1 derrotada\u201d, bradavam manifestantes.<\/p>\n\n\n\n<p>\u201cResponsabilizamos o presidente franc\u00eas por atos de caos e viol\u00eancia que est\u00e3o ocorrendo na Fran\u00e7a por causa de seus coment\u00e1rios sobre o Isl\u00e3 e contra mu\u00e7ulmanos\u201d, disse Ikrima Sabri, pregador que fez o serm\u00e3o em Al Aqsa.<\/p>\n\n\n\n<p>Em Ramallah, na Cisjord\u00e2nia, sob ocupa\u00e7\u00e3o israelense, palestinos pisotearam uma grande bandeira francesa e queimaram outras.<\/p>\n\n\n\n<p>Em Gaza, administrada pelo movimento palestino isl\u00e2mico Hamas, centenas de palestinos participaram de manifesta\u00e7\u00f5es contra a Fran\u00e7a bradando: \u201cCom nossas almas e sangue redimiremos o profeta.\u201d<\/p>\n\n\n\n<p>Na Som\u00e1lia, milhares compareceram para as ora\u00e7\u00f5es de sexta-feira em mesquitas onde os serm\u00f5es foram dominados por maldi\u00e7\u00f5es e condena\u00e7\u00f5es de Macron e seu governo.<\/p>\n","protected":false},"excerpt":{"rendered":"<p>No Paquist\u00e3o, pol\u00edcia usou g\u00e1s lacrimog\u00eanio para conter multid\u00e3o Por Reuters &#8211; Cingapura Dezenas de<\/p>\n","protected":false},"author":2,"featured_media":4429,"comment_status":"open","ping_status":"open","sticky":false,"template":"","format":"standard","meta":{"footnotes":""},"categories":[22],"tags":[],"class_list":["post-4428","post","type-post","status-publish","format-standard","has-post-thumbnail","hentry","category-internacional"],"_links":{"self":[{"href":"https:\/\/tvc16.com\/portal\/wp-json\/wp\/v2\/posts\/4428","targetHints":{"allow":["GET"]}}],"collection":[{"href":"https:\/\/tvc16.com\/portal\/wp-json\/wp\/v2\/posts"}],"about":[{"href":"https:\/\/tvc16.com\/portal\/wp-json\/wp\/v2\/types\/post"}],"author":[{"embeddable":true,"href":"https:\/\/tvc16.com\/portal\/wp-json\/wp\/v2\/users\/2"}],"replies":[{"embeddable":true,"href":"https:\/\/tvc16.com\/portal\/wp-json\/wp\/v2\/comments?post=4428"}],"version-history":[{"count":1,"href":"https:\/\/tvc16.com\/portal\/wp-json\/wp\/v2\/posts\/4428\/revisions"}],"predecessor-version":[{"id":4430,"href":"https:\/\/tvc16.com\/portal\/wp-json\/wp\/v2\/posts\/4428\/revisions\/4430"}],"wp:featuredmedia":[{"embeddable":true,"href":"https:\/\/tvc16.com\/portal\/wp-json\/wp\/v2\/media\/4429"}],"wp:attachment":[{"href":"https:\/\/tvc16.com\/portal\/wp-json\/wp\/v2\/media?parent=4428"}],"wp:term":[{"taxonomy":"category","embeddable":true,"href":"https:\/\/tvc16.com\/portal\/wp-json\/wp\/v2\/categories?post=4428"},{"taxonomy":"post_tag","embeddable":true,"href":"https:\/\/tvc16.com\/portal\/wp-json\/wp\/v2\/tags?post=4428"}],"curies":[{"name":"wp","href":"https:\/\/api.w.org\/{rel}","templated":true}]}}