{"id":443,"date":"2020-09-15T00:33:22","date_gmt":"2020-09-15T00:33:22","guid":{"rendered":"https:\/\/tvc16.com\/portal\/?p=443"},"modified":"2020-09-15T00:33:22","modified_gmt":"2020-09-15T00:33:22","slug":"procon-apura-aumento-de-precos-em-itens-da-cesta-basica-em-sp","status":"publish","type":"post","link":"https:\/\/tvc16.com\/portal\/2020\/09\/15\/procon-apura-aumento-de-precos-em-itens-da-cesta-basica-em-sp\/","title":{"rendered":"Procon apura aumento de pre\u00e7os em itens da cesta b\u00e1sica em SP"},"content":{"rendered":"\n<p>\u00d3rg\u00e3o notificou 21 estabelecimentos por aumentos injustificados<\/p>\n\n\n\n<p>Agentes fiscais do Procon-SP notificaram hoje (14) 21 estabelecimentos comerciais a apresentar notas fiscais de compra e venda de itens da cesta b\u00e1sica para apurar eventual aumento injustificado de pre\u00e7os. A opera\u00e7\u00e3o do Procon, que vai continuar nos pr\u00f3ximos dias, est\u00e1 averiguando a eleva\u00e7\u00e3o dos pre\u00e7os do arroz (pacote de 5 quilos), \u00f3leo e carnes vermelhas (patinho, cox\u00e3o mole, cox\u00e3o duro e contrafil\u00e9).<\/p>\n\n\n\n<p>Segundo o Procon, at\u00e9 o momento, os maiores pre\u00e7os encontrados foram: R$ 27,90 no arroz tipo 1 (pacote de 5 kg); R$ 7,73 no \u00f3leo de soja (900 ml); e nas carnes, R$ 47,69 o quilo do patinho; R$ 55,61, cox\u00e3o mole; R$ 53,11, cox\u00e3o duro e R$ 64,99, o contrafil\u00e9.<\/p>\n\n\n\n<p>\u201cN\u00f3s iremos comparar a nota de compra de cada item com o pre\u00e7o da prateleira para verificar se h\u00e1 margem de lucro muito ampliada, que \u00e9 uma pr\u00e1tica abusiva, e os abusos n\u00e3o ser\u00e3o tolerados. As opera\u00e7\u00f5es continuam para garantir \u00e0 popula\u00e7\u00e3o de baixa renda o acesso aos produtos da cesta b\u00e1sica\u201d, disse o secret\u00e1rio de defesa do consumidor, Fernando Capez.<\/p>\n\n\n\n<p>Caso seja identificado um aumento desproporcional nos valores, as empresas responder\u00e3o a processo administrativo. Para denunciar pre\u00e7os abusivos, o consumidor pode utilizar o site do&nbsp; Procon (www.procon.sp.gov.br), ou as redes sociais, marcando @proconsp no Twitter.<\/p>\n\n\n\n<p>Bruno Bocchini &#8211; Rep\u00f3rter da Ag\u00eancia Brasil &#8211; S\u00e3o Paulo<\/p>\n\n\n\n<p>Edi\u00e7\u00e3o: F\u00e1bio Massalli<\/p>\n","protected":false},"excerpt":{"rendered":"<p>\u00d3rg\u00e3o notificou 21 estabelecimentos por aumentos injustificados Agentes fiscais do Procon-SP notificaram hoje (14) 21<\/p>\n","protected":false},"author":2,"featured_media":444,"comment_status":"open","ping_status":"open","sticky":false,"template":"","format":"standard","meta":{"footnotes":""},"categories":[14],"tags":[],"class_list":["post-443","post","type-post","status-publish","format-standard","has-post-thumbnail","hentry","category-pais"],"_links":{"self":[{"href":"https:\/\/tvc16.com\/portal\/wp-json\/wp\/v2\/posts\/443","targetHints":{"allow":["GET"]}}],"collection":[{"href":"https:\/\/tvc16.com\/portal\/wp-json\/wp\/v2\/posts"}],"about":[{"href":"https:\/\/tvc16.com\/portal\/wp-json\/wp\/v2\/types\/post"}],"author":[{"embeddable":true,"href":"https:\/\/tvc16.com\/portal\/wp-json\/wp\/v2\/users\/2"}],"replies":[{"embeddable":true,"href":"https:\/\/tvc16.com\/portal\/wp-json\/wp\/v2\/comments?post=443"}],"version-history":[{"count":1,"href":"https:\/\/tvc16.com\/portal\/wp-json\/wp\/v2\/posts\/443\/revisions"}],"predecessor-version":[{"id":445,"href":"https:\/\/tvc16.com\/portal\/wp-json\/wp\/v2\/posts\/443\/revisions\/445"}],"wp:featuredmedia":[{"embeddable":true,"href":"https:\/\/tvc16.com\/portal\/wp-json\/wp\/v2\/media\/444"}],"wp:attachment":[{"href":"https:\/\/tvc16.com\/portal\/wp-json\/wp\/v2\/media?parent=443"}],"wp:term":[{"taxonomy":"category","embeddable":true,"href":"https:\/\/tvc16.com\/portal\/wp-json\/wp\/v2\/categories?post=443"},{"taxonomy":"post_tag","embeddable":true,"href":"https:\/\/tvc16.com\/portal\/wp-json\/wp\/v2\/tags?post=443"}],"curies":[{"name":"wp","href":"https:\/\/api.w.org\/{rel}","templated":true}]}}