{"id":4434,"date":"2020-10-30T21:22:27","date_gmt":"2020-10-30T21:22:27","guid":{"rendered":"https:\/\/tvc16.com\/portal\/?p=4434"},"modified":"2020-10-30T21:22:27","modified_gmt":"2020-10-30T21:22:27","slug":"ue-pede-reforma-rapida-da-oms-e-mais-transparencia-em-pandemias","status":"publish","type":"post","link":"https:\/\/tvc16.com\/portal\/2020\/10\/30\/ue-pede-reforma-rapida-da-oms-e-mais-transparencia-em-pandemias\/","title":{"rendered":"UE pede reforma r\u00e1pida da OMS e mais transpar\u00eancia em pandemias"},"content":{"rendered":"\n<h3 class=\"wp-block-heading\">Coment\u00e1rios foram feitos em uma videoconfer\u00eancia de ministros da Sa\u00fade<\/h3>\n\n\n\n<h4 class=\"wp-block-heading\">Por Francesco Guarascio, Caroline Copley &#8211; Reuters &#8211; &#8211;<\/h4>\n\n\n\n<figure class=\"wp-block-image\"><a href=\"https:\/\/br.reuters.com\/\" target=\"_blank\" rel=\"noreferrer noopener\"><img decoding=\"async\" src=\"https:\/\/agenciabrasil.ebc.com.br\/sites\/default\/files\/styles\/269x0\/public\/logo_parceiros\/logo_reuters.jpg?itok=1pP189Lc\" alt=\"Reuters\"\/><\/a><\/figure>\n\n\n\n<p>A Organiza\u00e7\u00e3o Mundial da Sa\u00fade (OMS) deveria ser reformada rapidamente, receber mais poderes para lidar com pandemias e expor as limita\u00e7\u00f5es de seus pa\u00edses-membros em emerg\u00eancias de sa\u00fade, disseram autoridades da Uni\u00e3o Europeia nesta sexta-feira (30).<img decoding=\"async\" src=\"https:\/\/agenciabrasil.ebc.com.br\/ebc.png?id=1391936&amp;o=node\"><img decoding=\"async\" src=\"https:\/\/agenciabrasil.ebc.com.br\/ebc.gif?id=1391936&amp;o=node\"><\/p>\n\n\n\n<p>Os coment\u00e1rios foram feitos em uma videoconfer\u00eancia de ministros da Sa\u00fade da UE, que endossaram um documento do bloco sobre a reforma da ag\u00eancia das Na\u00e7\u00f5es Unidas que delineia pela primeira vez uma s\u00e9rie de mudan\u00e7as abrangentes e necess\u00e1rias para fortalecer os poderes e recursos da OMS, tal como noticiado pela&nbsp;<em>Reuters<\/em>&nbsp;com exclusividade em setembro.<\/p>\n\n\n\n<p>A a\u00e7\u00e3o vem na esteira de cr\u00edticas de que a China e outros pa\u00edses n\u00e3o compartilharam informa\u00e7\u00f5es sobre a pandemia da covid-19 de maneira oportuna em seu in\u00edcio.<\/p>\n\n\n\n<p>\u201cA pandemia atual nos desafia muito agudamente&#8230; mas \u00e9 muito importante que o debate sobre a reforma (da OMS) seja realizado em paralelo\u201d, disse o ministro da Sa\u00fade da Alemanha, Jens Spahn, em uma coletiva de imprensa.<\/p>\n\n\n\n<p>Ele n\u00e3o disse quando o processo de reforma deveria come\u00e7ar, mas enfatizou que, em resultado desta, a OMS deveria ser mais r\u00e1pida em sua rea\u00e7\u00e3o a crises de sa\u00fade e seus membros deveriam compartilhar mais informa\u00e7\u00f5es em emerg\u00eancias.<\/p>\n\n\n\n<p>Autoridades da OMS n\u00e3o responderam de imediato a um&nbsp;<em>e-mail<\/em>&nbsp;pedindo coment\u00e1rios.<\/p>\n\n\n\n<p>\u201c\u00c9 extremamente importante irmos adiante com esta reforma\u201d, disse a comiss\u00e1ria de Sa\u00fade da UE, Stella Kyriakides, na mesma coletiva de imprensa.<\/p>\n\n\n\n<p>Depois de meses de press\u00e3o internacional, uma comiss\u00e3o independente foi montada em setembro para analisar a abordagem global da pandemia. O processo de reforma da OMS come\u00e7aria depois disso, disseram autoridades.<\/p>\n\n\n\n<p>O esbo\u00e7o do documento da UE, que representar\u00e1 a posi\u00e7\u00e3o do bloco em uma assembleia da OMS em meados de novembro, exorta a ag\u00eancia a tornar p\u00fablico mais rapidamente como e se seus pa\u00edses-membros cumprem suas obriga\u00e7\u00f5es sobre o compartilhamento de informa\u00e7\u00f5es em crises de sa\u00fade.<\/p>\n\n\n\n<p>\u201cTranspar\u00eancia a respeito de quem cumpre as regras \u00e9 fundamental\u201d, disse Kyriakides aos ministros na videoconfer\u00eancia, de acordo com as notas de seu discurso.<\/p>\n\n\n\n<p>O esbo\u00e7o tamb\u00e9m diz que os membros da OMS deveriam permitir avalia\u00e7\u00f5es epidemiol\u00f3gicas independentes em zonas de alto risco durante crises de sa\u00fade.<\/p>\n","protected":false},"excerpt":{"rendered":"<p>Coment\u00e1rios foram feitos em uma videoconfer\u00eancia de ministros da Sa\u00fade Por Francesco Guarascio, Caroline Copley<\/p>\n","protected":false},"author":2,"featured_media":4435,"comment_status":"open","ping_status":"open","sticky":false,"template":"","format":"standard","meta":{"footnotes":""},"categories":[13],"tags":[],"class_list":["post-4434","post","type-post","status-publish","format-standard","has-post-thumbnail","hentry","category-saude"],"_links":{"self":[{"href":"https:\/\/tvc16.com\/portal\/wp-json\/wp\/v2\/posts\/4434","targetHints":{"allow":["GET"]}}],"collection":[{"href":"https:\/\/tvc16.com\/portal\/wp-json\/wp\/v2\/posts"}],"about":[{"href":"https:\/\/tvc16.com\/portal\/wp-json\/wp\/v2\/types\/post"}],"author":[{"embeddable":true,"href":"https:\/\/tvc16.com\/portal\/wp-json\/wp\/v2\/users\/2"}],"replies":[{"embeddable":true,"href":"https:\/\/tvc16.com\/portal\/wp-json\/wp\/v2\/comments?post=4434"}],"version-history":[{"count":1,"href":"https:\/\/tvc16.com\/portal\/wp-json\/wp\/v2\/posts\/4434\/revisions"}],"predecessor-version":[{"id":4436,"href":"https:\/\/tvc16.com\/portal\/wp-json\/wp\/v2\/posts\/4434\/revisions\/4436"}],"wp:featuredmedia":[{"embeddable":true,"href":"https:\/\/tvc16.com\/portal\/wp-json\/wp\/v2\/media\/4435"}],"wp:attachment":[{"href":"https:\/\/tvc16.com\/portal\/wp-json\/wp\/v2\/media?parent=4434"}],"wp:term":[{"taxonomy":"category","embeddable":true,"href":"https:\/\/tvc16.com\/portal\/wp-json\/wp\/v2\/categories?post=4434"},{"taxonomy":"post_tag","embeddable":true,"href":"https:\/\/tvc16.com\/portal\/wp-json\/wp\/v2\/tags?post=4434"}],"curies":[{"name":"wp","href":"https:\/\/api.w.org\/{rel}","templated":true}]}}