{"id":4445,"date":"2020-10-31T14:16:09","date_gmt":"2020-10-31T14:16:09","guid":{"rendered":"https:\/\/tvc16.com\/portal\/?p=4445"},"modified":"2020-10-31T14:16:09","modified_gmt":"2020-10-31T14:16:09","slug":"dia-de-finados-tera-cemiterios-fechados-em-alguns-municipios-do-pais","status":"publish","type":"post","link":"https:\/\/tvc16.com\/portal\/2020\/10\/31\/dia-de-finados-tera-cemiterios-fechados-em-alguns-municipios-do-pais\/","title":{"rendered":"Dia de Finados ter\u00e1 cemit\u00e9rios fechados em alguns munic\u00edpios do Pa\u00eds"},"content":{"rendered":"\n<p>Maior parte das prefeituras, no entanto, decidiu pela abertura dos espa\u00e7os para visitas no feriado tradicional, mas com ado\u00e7\u00e3o de medidas de seguran\u00e7a em meio \u00e0 pandemia da Covid-19<\/p>\n\n\n\n<p>Embora seja feriado de tradi\u00e7\u00e3o nacional, o Dia de Finados, na pr\u00f3xima segunda-feira (2), ser\u00e1 diferente em v\u00e1rias partes do Pa\u00eds. Isso porque, diante da pandemia da Covid-19 algumas autoridades v\u00e3o adotar protocolos de seguran\u00e7a para permitir o acesso dos visitantes aos cemit\u00e9rios e as homenagens aos entes queridos que morreram. Outras, no entanto, decidiram pelo fechamento dos espa\u00e7os, devido ao temor quanto \u00e0 propaga\u00e7\u00e3o do novo coronav\u00edrus.&nbsp;<br>&nbsp;<br>\u00c9 o caso de Manaus, capital do Amazonas, onde as autoridades decidiram pela n\u00e3o abertura dos cemit\u00e9rios para visita\u00e7\u00e3o. J\u00e1 em S\u00e3o Paulo, o governo do estado anunciou que os cemit\u00e9rios v\u00e3o poder abrir normalmente, mas que a decis\u00e3o final cabe \u00e0 cada prefeitura. Na capital paulista, em Guarulhos e em Osasco, algumas das cidades que decidiram pela abertura, as medidas comuns s\u00e3o o uso obrigat\u00f3rio de m\u00e1scaras e o distanciamento social.&nbsp;<br>&nbsp;<br>Segundo Jeconias Rozendo J\u00fanior, coordenador de Articula\u00e7\u00e3o Pol\u00edtica da Frente Nacional de Prefeitos (FNP), al\u00e9m das medidas divulgadas constantemente pelas autoridades, h\u00e1 outras a\u00e7\u00f5es que podem ser observadas para aperfei\u00e7oamento do protocolo de seguran\u00e7a nos locais em que os cemit\u00e9rios v\u00e3o funcionar no feriado.&nbsp;<br>&nbsp;<br>\u201cA FNP sugere outros par\u00e2metros, como a flexibiliza\u00e7\u00e3o do hor\u00e1rio de funcionamento dos cemit\u00e9rios, a fim de evitar aglomera\u00e7\u00f5es, implementa\u00e7\u00e3o de mecanismos de controle de acesso e sa\u00edda de p\u00fablico, aferi\u00e7\u00e3o de temperatura, intensifica\u00e7\u00e3o da limpeza e desinfec\u00e7\u00e3o dos locais de uso comum e a disponibiliza\u00e7\u00e3o de \u00e1lcool em gel\u201d, cita.<\/p>\n\n\n\n<figure class=\"wp-block-image\"><img decoding=\"async\" src=\"\/\/s3-sa-east-1.amazonaws.com\/agencia-radio-arb\/3066\/content_finados.png\" alt=\"Arte: Brasil 61\" title=\"Arte: Brasil 61\"\/><\/figure>\n\n\n\n<h2 class=\"wp-block-heading\">Fechado<\/h2>\n\n\n\n<p>Em Patos de Minas, o Comit\u00ea Municipal de Enfrentamento \u00e0 Covid-19 decidiu pela n\u00e3o abertura dos cemit\u00e9rios do munic\u00edpio, incluindo os privados e as unidades que ficam na zona rural. A proibi\u00e7\u00e3o foi justificada pelo \u201cainda preocupante quadro epidemiol\u00f3gico da cidade\u201d, que tem cerca de 153 mil moradores, de acordo com o IBGE (Instituto Brasileiro de Geografia e Estat\u00edstica). Segundo o painel de informa\u00e7\u00f5es da prefeitura, at\u00e9 a \u00faltima quarta-feira (28), a cidade registrava 2.803 casos e 78 \u00f3bitos pela Covid-19.&nbsp;<br>&nbsp;<br>Parte da popula\u00e7\u00e3o questionou a determina\u00e7\u00e3o, uma vez que outros locais com possibilidade de causar aglomera\u00e7\u00e3o est\u00e3o abertos. \u00c9 o que pensa Renata Almeida, moradora do munic\u00edpio, que fica na regi\u00e3o do Alto Parna\u00edba. \u201cAchei a decis\u00e3o um pouco incoerente, at\u00e9 porque bares e restaurantes est\u00e3o abertos e h\u00e1 aglomera\u00e7\u00f5es nesses locais. Se pode um lugar, porque que o outro n\u00e3o pode?\u201d, indaga.&nbsp;<br>&nbsp;<br>J\u00e1 o advogado Itamar Fernandes acredita que a decis\u00e3o do comit\u00ea \u00e9 correta. Apesar de tradicionalmente visitar os entes na data, ele afirma que vai deixar isso para outro momento. \u201cClaro que s\u00e3o valores que podem entrar em conflito com rela\u00e7\u00e3o a respeitar o direito das pessoas visitarem os entes queridos, mas acho que o momento \u00e9 de precau\u00e7\u00e3o. N\u00f3s precisamos preservar a sa\u00fade e evitar a dissemina\u00e7\u00e3o do coronav\u00edrus\u201d, opina.<\/p>\n\n\n\n<p>O comit\u00ea explicou que as compara\u00e7\u00f5es entre outros ambientes que j\u00e1 est\u00e3o com o funcionamento flexibilizado e os cemit\u00e9rios n\u00e3o \u00e9 correta. As autoridades citam o fluxo 2019, quando cerca de 10 mil pessoas passaram pelo local. \u201c\u00c9 um espa\u00e7o amplo, onde seria muito complicado controlar o fluxo interno e externo, o tempo de perman\u00eancia das pessoas, de forma a possibilitar a visita\u00e7\u00e3o de todos que aguardam do lado de fora, e garantir que todos procedessem \u00e0 higieniza\u00e7\u00e3o correta das m\u00e3os\u201d, esclareceu em publica\u00e7\u00e3o.&nbsp;<br>&nbsp;<br>Al\u00e9m de Manaus, outra capital do Norte do pa\u00eds n\u00e3o vai permitir a abertura dos cemit\u00e9rios no Dia de Finados. Trata-se de Macap\u00e1. Em um novo decreto publicado nesta semana, a prefeitura retroagiu em algumas flexibiliza\u00e7\u00f5es e endureceu as normas para tentar frear o aumento de casos e interna\u00e7\u00f5es pela Covid-19.&nbsp;<\/p>\n\n\n\n<h2 class=\"wp-block-heading\">Programa\u00e7\u00e3o virtual e protocolo<\/h2>\n\n\n\n<p>A exemplo do que ocorre em muitos munic\u00edpios pelo pa\u00eds, Rio Claro, que fica no interior de S\u00e3o Paulo, n\u00e3o vai ter a tradicional programa\u00e7\u00e3o religiosa de Finados. Cultos, missas e outras homenagens aos falecidos foram suspensas por causa do novo coronav\u00edrus. No entanto, o cemit\u00e9rio municipal vai funcionar das 7h \u00e0s 18h. O uso de m\u00e1scaras \u00e9 obrigat\u00f3rio e vai haver \u00e1lcool em gel em todos os port\u00f5es acesso para os visitantes.&nbsp;<\/p>\n\n\n\n<p>J\u00e1 em Fortaleza, as cerim\u00f4nias v\u00e3o migrar dos cemit\u00e9rios para as par\u00f3quias cat\u00f3licas. Algumas igrejas tamb\u00e9m v\u00e3o transmitir as missas por meio das redes sociais. O objetivo \u00e9 evitar aglomera\u00e7\u00f5es. Mais ao sul do pa\u00eds, em Porto Alegre, os eventos de grande porte est\u00e3o descartados. No entanto, os cemit\u00e9rios abrem, em geral, das 8h \u00e0s 18h, seguindo os protocolos definidos pelas autoridades de sa\u00fade locais.&nbsp;<\/p>\n\n\n\n<p>No Distrito Federal, a administra\u00e7\u00e3o da empresa Campo da Esperan\u00e7a, que administra os seis cemit\u00e9rios da capital, recomendou que as fam\u00edlias prestem homenagens aos parentes de casa. Apesar disso, os locais v\u00e3o estar abertos \u00e0 visita\u00e7\u00e3o, com refor\u00e7o de algumas medidas, como o uso obrigat\u00f3rio de m\u00e1scaras, a proibi\u00e7\u00e3o de vendedores ambulantes no interior das unidades e a limpeza dos banheiros com maior frequ\u00eancia, por exemplo.&nbsp;<\/p>\n\n\n\n<p>Por causa do dia, o Departamento de Tr\u00e2nsito do DF vai realizar uma s\u00e9rie de interven\u00e7\u00f5es no tr\u00e2nsito nas proximidades de cemit\u00e9rio de Taguatinga e apoiar o DER-DF na organiza\u00e7\u00e3o do fluxo de ve\u00edculos e pedestres no acesso ao cemit\u00e9rio do Gama. Nas demais unidades da capital, o tr\u00e2nsito ser\u00e1 de responsabilidade da Pol\u00edcia Militar de cada regi\u00e3o.&nbsp;<\/p>\n\n\n\n<h2 class=\"wp-block-heading\">Homenagens virtuais<\/h2>\n\n\n\n<p>Uma parceria da Associa\u00e7\u00e3o Cemit\u00e9rios e Cremat\u00f3rios do Brasil (Acembra) com o Sindicato dos Cemit\u00e9rios e Cremat\u00f3rios Particulares do Brasil (SIncep) criou a campanha \u201cPara Sempre Em Nossos Cora\u00e7\u00f5es\u201d. Para que as pessoas possam homenagear os entes queridos, a iniciativa sugere um painel virtual de tributos. A ideia \u00e9 que cada empreendimento crie um perfil no Instagram e compartilhe as fotos e mensagens que os clientes v\u00e3o mandar para a forma\u00e7\u00e3o de um grande painel no dia 2 de novembro.&nbsp;<\/p>\n\n\n\n<p>Fonte: <a href=\"https:\/\/brasil61.com\/noticias\/dia-de-finados-tera-cemiterios-fechados-em-alguns-municipios-do-pais-bras202408?email=bethdeoliveira@yahoo.com.br&amp;utm_source=newsletter&amp;utm_medium=newsletter&amp;utm_campaign=newsletter\" target=\"_blank\" rel=\"noreferrer noopener\">Brasil 61<\/a><\/p>\n","protected":false},"excerpt":{"rendered":"<p>Maior parte das prefeituras, no entanto, decidiu pela abertura dos espa\u00e7os para visitas no feriado<\/p>\n","protected":false},"author":2,"featured_media":4446,"comment_status":"open","ping_status":"open","sticky":false,"template":"","format":"standard","meta":{"footnotes":""},"categories":[14],"tags":[],"class_list":["post-4445","post","type-post","status-publish","format-standard","has-post-thumbnail","hentry","category-pais"],"_links":{"self":[{"href":"https:\/\/tvc16.com\/portal\/wp-json\/wp\/v2\/posts\/4445","targetHints":{"allow":["GET"]}}],"collection":[{"href":"https:\/\/tvc16.com\/portal\/wp-json\/wp\/v2\/posts"}],"about":[{"href":"https:\/\/tvc16.com\/portal\/wp-json\/wp\/v2\/types\/post"}],"author":[{"embeddable":true,"href":"https:\/\/tvc16.com\/portal\/wp-json\/wp\/v2\/users\/2"}],"replies":[{"embeddable":true,"href":"https:\/\/tvc16.com\/portal\/wp-json\/wp\/v2\/comments?post=4445"}],"version-history":[{"count":1,"href":"https:\/\/tvc16.com\/portal\/wp-json\/wp\/v2\/posts\/4445\/revisions"}],"predecessor-version":[{"id":4447,"href":"https:\/\/tvc16.com\/portal\/wp-json\/wp\/v2\/posts\/4445\/revisions\/4447"}],"wp:featuredmedia":[{"embeddable":true,"href":"https:\/\/tvc16.com\/portal\/wp-json\/wp\/v2\/media\/4446"}],"wp:attachment":[{"href":"https:\/\/tvc16.com\/portal\/wp-json\/wp\/v2\/media?parent=4445"}],"wp:term":[{"taxonomy":"category","embeddable":true,"href":"https:\/\/tvc16.com\/portal\/wp-json\/wp\/v2\/categories?post=4445"},{"taxonomy":"post_tag","embeddable":true,"href":"https:\/\/tvc16.com\/portal\/wp-json\/wp\/v2\/tags?post=4445"}],"curies":[{"name":"wp","href":"https:\/\/api.w.org\/{rel}","templated":true}]}}