{"id":4460,"date":"2020-10-31T15:07:42","date_gmt":"2020-10-31T15:07:42","guid":{"rendered":"https:\/\/tvc16.com\/portal\/?p=4460"},"modified":"2020-10-31T15:07:42","modified_gmt":"2020-10-31T15:07:42","slug":"em-petropolis-cemiterios-estarao-abertos-com-regras-sanitarias-como-distanciamento-e-mascaras","status":"publish","type":"post","link":"https:\/\/tvc16.com\/portal\/2020\/10\/31\/em-petropolis-cemiterios-estarao-abertos-com-regras-sanitarias-como-distanciamento-e-mascaras\/","title":{"rendered":"Em Petr\u00f3polis, cemit\u00e9rios estar\u00e3o abertos com regras sanit\u00e1rias como distanciamento e m\u00e1scaras"},"content":{"rendered":"\n<p>Da Reda\u00e7\u00e3o TVC<\/p>\n\n\n\n<p>Em alguns munic\u00edpios do Pa\u00eds, Dia de Finados ter\u00e1 cemit\u00e9rios fechados.<\/p>\n\n\n\n<p>A maior parte das prefeituras, no entanto, decidiu pela abertura dos espa\u00e7os para visitas no feriado tradicional, mas com ado\u00e7\u00e3o de medidas de seguran\u00e7a em meio \u00e0 pandemia da Covid-19<\/p>\n\n\n\n<figure class=\"wp-block-image size-large\"><img loading=\"lazy\" decoding=\"async\" width=\"600\" height=\"450\" src=\"https:\/\/tvc16.com\/portal\/wp-content\/uploads\/2020\/10\/63_big.jpg\" alt=\"\" class=\"wp-image-4461\" srcset=\"https:\/\/tvc16.com\/portal\/wp-content\/uploads\/2020\/10\/63_big.jpg 600w, https:\/\/tvc16.com\/portal\/wp-content\/uploads\/2020\/10\/63_big-300x225.jpg 300w, https:\/\/tvc16.com\/portal\/wp-content\/uploads\/2020\/10\/63_big-200x150.jpg 200w\" sizes=\"auto, (max-width: 600px) 100vw, 600px\" \/><\/figure>\n\n\n\n<p>Em Petr\u00f3polis, na Regi\u00e3o Serrana do Rio, o hor\u00e1rio de visita aos cemit\u00e9rios municipais ser\u00e1 das 07h as 18h. O hor\u00e1rio de atendimento ao p\u00fablico ser\u00e1 das 08h \u00e0s 18h. O funcionamento ser\u00e1 feito de acordo com respeito aos procedimentos de higieniza\u00e7\u00e3o, uso de m\u00e1scaras e distanciamento social. Todas as missas, por conta da pandemia, ser\u00e3o realizadas nas igrejas cat\u00f3licas, seguindo as regras das notas t\u00e9cnicas vigentes.\u00a0<\/p>\n","protected":false},"excerpt":{"rendered":"<p>Da Reda\u00e7\u00e3o TVC Em alguns munic\u00edpios do Pa\u00eds, Dia de Finados ter\u00e1 cemit\u00e9rios fechados. A<\/p>\n","protected":false},"author":2,"featured_media":4462,"comment_status":"open","ping_status":"open","sticky":false,"template":"","format":"standard","meta":{"footnotes":""},"categories":[12],"tags":[],"class_list":["post-4460","post","type-post","status-publish","format-standard","has-post-thumbnail","hentry","category-cidade"],"_links":{"self":[{"href":"https:\/\/tvc16.com\/portal\/wp-json\/wp\/v2\/posts\/4460","targetHints":{"allow":["GET"]}}],"collection":[{"href":"https:\/\/tvc16.com\/portal\/wp-json\/wp\/v2\/posts"}],"about":[{"href":"https:\/\/tvc16.com\/portal\/wp-json\/wp\/v2\/types\/post"}],"author":[{"embeddable":true,"href":"https:\/\/tvc16.com\/portal\/wp-json\/wp\/v2\/users\/2"}],"replies":[{"embeddable":true,"href":"https:\/\/tvc16.com\/portal\/wp-json\/wp\/v2\/comments?post=4460"}],"version-history":[{"count":1,"href":"https:\/\/tvc16.com\/portal\/wp-json\/wp\/v2\/posts\/4460\/revisions"}],"predecessor-version":[{"id":4463,"href":"https:\/\/tvc16.com\/portal\/wp-json\/wp\/v2\/posts\/4460\/revisions\/4463"}],"wp:featuredmedia":[{"embeddable":true,"href":"https:\/\/tvc16.com\/portal\/wp-json\/wp\/v2\/media\/4462"}],"wp:attachment":[{"href":"https:\/\/tvc16.com\/portal\/wp-json\/wp\/v2\/media?parent=4460"}],"wp:term":[{"taxonomy":"category","embeddable":true,"href":"https:\/\/tvc16.com\/portal\/wp-json\/wp\/v2\/categories?post=4460"},{"taxonomy":"post_tag","embeddable":true,"href":"https:\/\/tvc16.com\/portal\/wp-json\/wp\/v2\/tags?post=4460"}],"curies":[{"name":"wp","href":"https:\/\/api.w.org\/{rel}","templated":true}]}}