{"id":4492,"date":"2020-10-31T17:02:36","date_gmt":"2020-10-31T17:02:36","guid":{"rendered":"https:\/\/tvc16.com\/portal\/?p=4492"},"modified":"2020-10-31T17:02:36","modified_gmt":"2020-10-31T17:02:36","slug":"padre-e-baleado-em-lyon-e-governo-frances-emite-alerta-de-seguranca","status":"publish","type":"post","link":"https:\/\/tvc16.com\/portal\/2020\/10\/31\/padre-e-baleado-em-lyon-e-governo-frances-emite-alerta-de-seguranca\/","title":{"rendered":"Padre \u00e9 baleado em Lyon e governo franc\u00eas emite alerta de seguran\u00e7a"},"content":{"rendered":"\n<p>Reuters<\/p>\n\n\n\n<p>Um padre ortodoxo foi ferido em um tiroteio na cidade francesa de Lyon neste s\u00e1bado (31), disse uma fonte da pol\u00edcia \u00e0 Reuters.&nbsp;O incidente aconteceu em uma igreja no centro de Lyon. Testemunhas disseram que era uma igreja Ortodoxa Grega.<\/p>\n\n\n\n<p>O agressor teria fugido do local. De acordo com a fonte, o padre tomou dois tiros quando fechava a igreja. Os ferimentos s\u00e3o graves e ele estava sendo atendido no local. O incidente teria ocorrido por volta das 16h no hor\u00e1rio local, 10h no hor\u00e1rio de Bras\u00edlia.<\/p>\n\n\n\n<p>O Minist\u00e9rio do Interior da Fran\u00e7a emitiu um alerta de &#8220;evento grave de seguran\u00e7a p\u00fablica&#8221; e pediu que a popula\u00e7\u00e3o evite a \u00e1rea. For\u00e7as de seguran\u00e7a e de resgate est\u00e3o no local e um per\u00edmetro de seguran\u00e7a foi instalado.<\/p>\n","protected":false},"excerpt":{"rendered":"<p>Foto: Brina Blum\/Unsplash<\/p>\n","protected":false},"author":2,"featured_media":4493,"comment_status":"open","ping_status":"open","sticky":false,"template":"","format":"standard","meta":{"footnotes":""},"categories":[22],"tags":[],"class_list":["post-4492","post","type-post","status-publish","format-standard","has-post-thumbnail","hentry","category-internacional"],"_links":{"self":[{"href":"https:\/\/tvc16.com\/portal\/wp-json\/wp\/v2\/posts\/4492","targetHints":{"allow":["GET"]}}],"collection":[{"href":"https:\/\/tvc16.com\/portal\/wp-json\/wp\/v2\/posts"}],"about":[{"href":"https:\/\/tvc16.com\/portal\/wp-json\/wp\/v2\/types\/post"}],"author":[{"embeddable":true,"href":"https:\/\/tvc16.com\/portal\/wp-json\/wp\/v2\/users\/2"}],"replies":[{"embeddable":true,"href":"https:\/\/tvc16.com\/portal\/wp-json\/wp\/v2\/comments?post=4492"}],"version-history":[{"count":1,"href":"https:\/\/tvc16.com\/portal\/wp-json\/wp\/v2\/posts\/4492\/revisions"}],"predecessor-version":[{"id":4494,"href":"https:\/\/tvc16.com\/portal\/wp-json\/wp\/v2\/posts\/4492\/revisions\/4494"}],"wp:featuredmedia":[{"embeddable":true,"href":"https:\/\/tvc16.com\/portal\/wp-json\/wp\/v2\/media\/4493"}],"wp:attachment":[{"href":"https:\/\/tvc16.com\/portal\/wp-json\/wp\/v2\/media?parent=4492"}],"wp:term":[{"taxonomy":"category","embeddable":true,"href":"https:\/\/tvc16.com\/portal\/wp-json\/wp\/v2\/categories?post=4492"},{"taxonomy":"post_tag","embeddable":true,"href":"https:\/\/tvc16.com\/portal\/wp-json\/wp\/v2\/tags?post=4492"}],"curies":[{"name":"wp","href":"https:\/\/api.w.org\/{rel}","templated":true}]}}