{"id":4495,"date":"2020-10-31T18:00:17","date_gmt":"2020-10-31T18:00:17","guid":{"rendered":"https:\/\/tvc16.com\/portal\/?p=4495"},"modified":"2020-10-31T18:00:17","modified_gmt":"2020-10-31T18:00:17","slug":"sobe-para-26-total-de-mortos-por-terremoto-na-turquia-e-grecia","status":"publish","type":"post","link":"https:\/\/tvc16.com\/portal\/2020\/10\/31\/sobe-para-26-total-de-mortos-por-terremoto-na-turquia-e-grecia\/","title":{"rendered":"Sobe para 26 total de mortos por terremoto na Turquia e Gr\u00e9cia"},"content":{"rendered":"\n<h3 class=\"wp-block-heading\">N\u00famero de feridos ultrapassa 812<\/h3>\n\n\n\n<h4 class=\"wp-block-heading\">Por NHK &#8211; (emissora p\u00fablica de televis\u00e3o do Jap\u00e3o) &#8211; ISTAMBUL<\/h4>\n\n\n\n<figure class=\"wp-block-image\"><a href=\"https:\/\/www3.nhk.or.jp\/nhkworld\/pt\/news\/\" target=\"_blank\" rel=\"noreferrer noopener\"><img decoding=\"async\" src=\"https:\/\/agenciabrasil.ebc.com.br\/sites\/default\/files\/styles\/269x0\/public\/logo_parceiros\/nhk.jpg?itok=K23XXfuR\" alt=\"NHK\"\/><\/a><\/figure>\n\n\n\n<p>O terremoto que atingiu a regi\u00e3o do Mar Egeu, entre a Turquia e a Gr\u00e9cia, deixou pelo menos 26 mortos nos dois pa\u00edses e muitos feridos.<img decoding=\"async\" src=\"https:\/\/agenciabrasil.ebc.com.br\/ebc.png?id=1391986&amp;o=node\"><img decoding=\"async\" src=\"https:\/\/agenciabrasil.ebc.com.br\/ebc.gif?id=1391986&amp;o=node\"><\/p>\n\n\n\n<p>O forte terremoto, de magnitude 7, ocorreu na tarde de ontem (30). O tremor provocou tamb\u00e9m um tsunami. Autoridades turcas e gregas afirmam que 812 pessoas ficaram feridas.<\/p>\n\n\n\n<p>Quatro mil membros das equipes de resgate est\u00e3o na prov\u00edncia de Esmirna, seriamente atingida pelo desastre, no oeste da Turquia. As buscas continuam \u00e0 procura de sobreviventes sob os escombros de pr\u00e9dios destru\u00eddos. Segundo uma rede de televis\u00e3o local, mais de 70 pessoas foram resgatadas at\u00e9 agora.<\/p>\n\n\n\n<figure class=\"wp-block-image\"><img decoding=\"async\" src=\"https:\/\/imagens.ebc.com.br\/23DxA4mHWBtPwftoihIRZ-uI3GM=\/754x0\/smart\/https:\/\/agenciabrasil.ebc.com.br\/sites\/default\/files\/thumbnails\/image\/2020-10-31t075057z_436823797_rc2jtj9bcrya_rtrmadp_3_turkey-quake.jpg?itok=ZwacXeUR\" alt=\"Rescue operations after earthquake struck Aegean Sea, in Izmir\" title=\"Reuters\/Murad Sezer\/Direitos Reservados\"\/><\/figure>\n\n\n\n<p>Em Izmir, na Turquia, equipes de resgate tentam encontrar sobreviventes da trag\u00e9dia&nbsp;&nbsp; (Reuters\/Murad Sezer\/Direitos Reservados)<\/p>\n\n\n\n<p>Tremores secund\u00e1rios continuam nas \u00e1reas afetadas. O governo turco est\u00e1 alertando os residentes para n\u00e3o entrarem nos pr\u00e9dios danificados, citando poss\u00edveis colapsos das constru\u00e7\u00f5es.<\/p>\n\n\n\n<p>Terremotos costumam causar grandes danos na Turquia. Mais de 17 mil pessoas morreram ap\u00f3s um forte tremor no oeste do pa\u00eds em 1999. Outro tremor ocorreu na regi\u00e3o leste em 2011 e deixou&nbsp; 600 mortos.<\/p>\n","protected":false},"excerpt":{"rendered":"<p>N\u00famero de feridos ultrapassa 812 Por NHK &#8211; (emissora p\u00fablica de televis\u00e3o do Jap\u00e3o) &#8211;<\/p>\n","protected":false},"author":2,"featured_media":4496,"comment_status":"open","ping_status":"open","sticky":false,"template":"","format":"standard","meta":{"footnotes":""},"categories":[22],"tags":[],"class_list":["post-4495","post","type-post","status-publish","format-standard","has-post-thumbnail","hentry","category-internacional"],"_links":{"self":[{"href":"https:\/\/tvc16.com\/portal\/wp-json\/wp\/v2\/posts\/4495","targetHints":{"allow":["GET"]}}],"collection":[{"href":"https:\/\/tvc16.com\/portal\/wp-json\/wp\/v2\/posts"}],"about":[{"href":"https:\/\/tvc16.com\/portal\/wp-json\/wp\/v2\/types\/post"}],"author":[{"embeddable":true,"href":"https:\/\/tvc16.com\/portal\/wp-json\/wp\/v2\/users\/2"}],"replies":[{"embeddable":true,"href":"https:\/\/tvc16.com\/portal\/wp-json\/wp\/v2\/comments?post=4495"}],"version-history":[{"count":1,"href":"https:\/\/tvc16.com\/portal\/wp-json\/wp\/v2\/posts\/4495\/revisions"}],"predecessor-version":[{"id":4497,"href":"https:\/\/tvc16.com\/portal\/wp-json\/wp\/v2\/posts\/4495\/revisions\/4497"}],"wp:featuredmedia":[{"embeddable":true,"href":"https:\/\/tvc16.com\/portal\/wp-json\/wp\/v2\/media\/4496"}],"wp:attachment":[{"href":"https:\/\/tvc16.com\/portal\/wp-json\/wp\/v2\/media?parent=4495"}],"wp:term":[{"taxonomy":"category","embeddable":true,"href":"https:\/\/tvc16.com\/portal\/wp-json\/wp\/v2\/categories?post=4495"},{"taxonomy":"post_tag","embeddable":true,"href":"https:\/\/tvc16.com\/portal\/wp-json\/wp\/v2\/tags?post=4495"}],"curies":[{"name":"wp","href":"https:\/\/api.w.org\/{rel}","templated":true}]}}