{"id":4498,"date":"2020-10-31T18:06:03","date_gmt":"2020-10-31T18:06:03","guid":{"rendered":"https:\/\/tvc16.com\/portal\/?p=4498"},"modified":"2020-10-31T18:06:03","modified_gmt":"2020-10-31T18:06:03","slug":"encontro-estetica-das-periferias-comeca-hoje-em-sao-paulo","status":"publish","type":"post","link":"https:\/\/tvc16.com\/portal\/2020\/10\/31\/encontro-estetica-das-periferias-comeca-hoje-em-sao-paulo\/","title":{"rendered":"Encontro Est\u00e9tica das Periferias come\u00e7a hoje em S\u00e3o Paulo"},"content":{"rendered":"\n<h3 class=\"wp-block-heading\">Promo\u00e7\u00e3o \u00e9 totalmente online<\/h3>\n\n\n\n<h4 class=\"wp-block-heading\">Por Bruno Bocchini &#8211; Rep\u00f3rter da Ag\u00eancia Brasil &#8211; S\u00e3o Paulo<\/h4>\n\n\n\n<p>Um dos maiores eventos de artes da periferia das cidades brasileiras, o Est\u00e9ticas das Periferias come\u00e7a neste s\u00e1bado (31), totalmente&nbsp;<em>online<\/em>. Nesta edi\u00e7\u00e3o, que vai at\u00e9 o dia 8 de novembro, o formato predominante ser\u00e1 o de&nbsp;<em>lives<\/em>&nbsp;e v\u00eddeos&nbsp;<em>online<\/em>. O evento art\u00edstico \u00e9 uma iniciativa da A\u00e7\u00e3o Educativa.<img decoding=\"async\" src=\"https:\/\/agenciabrasil.ebc.com.br\/ebc.png?id=1391988&amp;o=node\"><img decoding=\"async\" src=\"https:\/\/agenciabrasil.ebc.com.br\/ebc.gif?id=1391988&amp;o=node\"><\/p>\n\n\n\n<p>\u201cA dor e o luto provocados pela covid-19 nas periferias e a responsabilidade com a nossa popula\u00e7\u00e3o impuseram esse formato. N\u00e3o podemos ignorar o impacto dessa situa\u00e7\u00e3o. Diante desse quadro, optamos tamb\u00e9m por nos fortalecer na rede, incorporando artistas perif\u00e9ricos de todo o pa\u00eds pela participa\u00e7\u00e3o<em>&nbsp;online<\/em>\u201d, disse o coordenador de cultura da A\u00e7\u00e3o Educativa, Eleilson Leite.&nbsp;<\/p>\n\n\n\n<p>Entre outras atra\u00e7\u00f5es, a atual edi\u00e7\u00e3o do Est\u00e9ticas traz mostras de poesia em parceria com a Casa das Rosas; campeonato de poesia falada (Slam); exibi\u00e7\u00e3o do grupo Il\u00fa Ob\u00e1 de Min; uma apresenta\u00e7\u00e3o in\u00e9dita de Gumboot, um estilo de dan\u00e7a sul-africana realizado com botas de borracha de mineradores; e atividades art\u00edsticas focadas na comunidade LGBTQI+, promovidas em parceria com as F\u00e1bricas de Cultura. A&nbsp;<a href=\"http:\/\/www.esteticasdasperiferias.org.br\/2020\" target=\"_blank\" rel=\"noreferrer noopener\">programa\u00e7\u00e3o completa<\/a>&nbsp;pode ser vista no site.<\/p>\n\n\n\n<h2 class=\"wp-block-heading\">Hist\u00f3ria<\/h2>\n\n\n\n<p>Em seus dez anos, o Est\u00e9ticas acompanhou e participou da ascens\u00e3o de tend\u00eancias culturais de vanguarda, como o Slam.<\/p>\n\n\n\n<p>O evento tamb\u00e9m absorveu e abriu espa\u00e7o para movimentos mais recentes como o<em>\u00a0funk<\/em>\u00a0das quebradas, as mulheres do samba, o feminismo negro, a cultura em torno do futebol de v\u00e1rzea e as experi\u00eancias das universidades aut\u00f4nomas.<\/p>\n\n\n\n<figure class=\"wp-block-image size-large\"><img loading=\"lazy\" decoding=\"async\" width=\"1024\" height=\"576\" src=\"https:\/\/tvc16.com\/portal\/wp-content\/uploads\/2020\/10\/maxresdefault-1-1024x576.jpg\" alt=\"\" class=\"wp-image-4500\" srcset=\"https:\/\/tvc16.com\/portal\/wp-content\/uploads\/2020\/10\/maxresdefault-1-1024x576.jpg 1024w, https:\/\/tvc16.com\/portal\/wp-content\/uploads\/2020\/10\/maxresdefault-1-300x169.jpg 300w, https:\/\/tvc16.com\/portal\/wp-content\/uploads\/2020\/10\/maxresdefault-1-768x432.jpg 768w, https:\/\/tvc16.com\/portal\/wp-content\/uploads\/2020\/10\/maxresdefault-1.jpg 1280w\" sizes=\"auto, (max-width: 1024px) 100vw, 1024px\" \/><figcaption>Foto meramente ilustrativa, n\u00e3o representa o evento<\/figcaption><\/figure>\n\n\n\n<p>\u201cO Est\u00e9ticas da Periferia aprofunda seu sentido, que \u00e9 o de dar visibilidade para vanguardas culturais que constru\u00edram uma enorme rede de cultura perif\u00e9rica nas \u00faltimas d\u00e9cadas e tamb\u00e9m criar e fortalecer redes entre elas\u201d, finaliza Leite.<\/p>\n\n\n\n<p>Edi\u00e7\u00e3o: Kleber Sampaio<\/p>\n","protected":false},"excerpt":{"rendered":"<p>Foto meramente ilustrativa<br \/>\nEst\u00e9tica da Periferia &#8211; Recife 2007<\/p>\n","protected":false},"author":2,"featured_media":4499,"comment_status":"open","ping_status":"open","sticky":false,"template":"","format":"standard","meta":{"footnotes":""},"categories":[21],"tags":[],"class_list":["post-4498","post","type-post","status-publish","format-standard","has-post-thumbnail","hentry","category-cultura"],"_links":{"self":[{"href":"https:\/\/tvc16.com\/portal\/wp-json\/wp\/v2\/posts\/4498","targetHints":{"allow":["GET"]}}],"collection":[{"href":"https:\/\/tvc16.com\/portal\/wp-json\/wp\/v2\/posts"}],"about":[{"href":"https:\/\/tvc16.com\/portal\/wp-json\/wp\/v2\/types\/post"}],"author":[{"embeddable":true,"href":"https:\/\/tvc16.com\/portal\/wp-json\/wp\/v2\/users\/2"}],"replies":[{"embeddable":true,"href":"https:\/\/tvc16.com\/portal\/wp-json\/wp\/v2\/comments?post=4498"}],"version-history":[{"count":1,"href":"https:\/\/tvc16.com\/portal\/wp-json\/wp\/v2\/posts\/4498\/revisions"}],"predecessor-version":[{"id":4501,"href":"https:\/\/tvc16.com\/portal\/wp-json\/wp\/v2\/posts\/4498\/revisions\/4501"}],"wp:featuredmedia":[{"embeddable":true,"href":"https:\/\/tvc16.com\/portal\/wp-json\/wp\/v2\/media\/4499"}],"wp:attachment":[{"href":"https:\/\/tvc16.com\/portal\/wp-json\/wp\/v2\/media?parent=4498"}],"wp:term":[{"taxonomy":"category","embeddable":true,"href":"https:\/\/tvc16.com\/portal\/wp-json\/wp\/v2\/categories?post=4498"},{"taxonomy":"post_tag","embeddable":true,"href":"https:\/\/tvc16.com\/portal\/wp-json\/wp\/v2\/tags?post=4498"}],"curies":[{"name":"wp","href":"https:\/\/api.w.org\/{rel}","templated":true}]}}