{"id":4505,"date":"2020-10-31T18:10:06","date_gmt":"2020-10-31T18:10:06","guid":{"rendered":"https:\/\/tvc16.com\/portal\/?p=4505"},"modified":"2020-10-31T18:10:06","modified_gmt":"2020-10-31T18:10:06","slug":"morre-quinto-paciente-apos-transferencia-do-hospital-de-bonsucesso","status":"publish","type":"post","link":"https:\/\/tvc16.com\/portal\/2020\/10\/31\/morre-quinto-paciente-apos-transferencia-do-hospital-de-bonsucesso\/","title":{"rendered":"Morre quinto paciente ap\u00f3s transfer\u00eancia do Hospital de Bonsucesso"},"content":{"rendered":"\n<h3 class=\"wp-block-heading\">V\u00edtima era um homem idoso e apresentava v\u00e1rias comorbidades<\/h3>\n\n\n\n<h4 class=\"wp-block-heading\">Por Vladimir Platonow \u2013 Rep\u00f3rter da Ag\u00eancia Brasil &#8211; Rio de Janeiro<\/h4>\n\n\n\n<p>Morreu mais um paciente transferido do Hospital Federal de Bonsucesso (HFB), ap\u00f3s o inc\u00eandio que atingiu a unidade na \u00faltima ter\u00e7a-feira (27).<img decoding=\"async\" src=\"https:\/\/agenciabrasil.ebc.com.br\/ebc.png?id=1391985&amp;o=node\"><img decoding=\"async\" src=\"https:\/\/agenciabrasil.ebc.com.br\/ebc.gif?id=1391985&amp;o=node\"><\/p>\n\n\n\n<p>O paciente morreu nesta sexta-feira (30), em um hospital municipal do Rio de Janeiro, para onde foi levado quando um dos pr\u00e9dios do complexo foi&nbsp;<a href=\"https:\/\/agenciabrasil.ebc.com.br\/geral\/noticia\/2020-10\/incendio-atinge-hospital-federal-de-bonsucesso-no-rio\" target=\"_blank\" rel=\"noreferrer noopener\">atingido pelo fogo<\/a>. A quinta morte foi confirmada em nota pela Rio Sa\u00fade, empresa p\u00fablica respons\u00e1vel pela administra\u00e7\u00e3o de diversos hospitais da cidade.<\/p>\n\n\n\n<p>\u201cO paciente faleceu por volta das 6h de sexta-feira no CTI [centro de terapia intensiva]. Era um homem idoso (70 anos) e com diversas comorbidades, incluindo cardiopatia grave e insufici\u00eancia renal, com hist\u00f3rico recente de parada cardiorrespirat\u00f3ria durante procedimento cardiol\u00f3gico de alta complexidade. J\u00e1 chegou ao Hospital Municipal Ronaldo Gazolla no dia 27 entubado, muito grave e com teste positivo para covid-19\u201d, informou a Rio Sa\u00fade.<\/p>\n\n\n\n<p>O Pr\u00e9dio 1, onde ocorreu o inc\u00eandio, foi interditado pela Defesa Civil do Munic\u00edpio.<\/p>\n\n\n\n<p>Os demais pr\u00e9dios ser\u00e3o&nbsp;<a href=\"https:\/\/agenciabrasil.ebc.com.br\/saude\/noticia\/2020-10\/hospital-de-bonsucesso-sera-reaberto-parcialmente-apos-incendio\" target=\"_blank\" rel=\"noreferrer noopener\">liberados<\/a>&nbsp;a partir da pr\u00f3xima semana. As causas do inc\u00eandio est\u00e3o sendo apuradas em uma per\u00edcia feita pela Pol\u00edcia Federal.<\/p>\n\n\n\n<p>Edi\u00e7\u00e3o: N\u00e1dia Franco<\/p>\n","protected":false},"excerpt":{"rendered":"<p>V\u00edtima era um homem idoso e apresentava v\u00e1rias comorbidades Por Vladimir Platonow \u2013 Rep\u00f3rter da<\/p>\n","protected":false},"author":2,"featured_media":4506,"comment_status":"open","ping_status":"open","sticky":false,"template":"","format":"standard","meta":{"footnotes":""},"categories":[17],"tags":[],"class_list":["post-4505","post","type-post","status-publish","format-standard","has-post-thumbnail","hentry","category-outras-noticias"],"_links":{"self":[{"href":"https:\/\/tvc16.com\/portal\/wp-json\/wp\/v2\/posts\/4505","targetHints":{"allow":["GET"]}}],"collection":[{"href":"https:\/\/tvc16.com\/portal\/wp-json\/wp\/v2\/posts"}],"about":[{"href":"https:\/\/tvc16.com\/portal\/wp-json\/wp\/v2\/types\/post"}],"author":[{"embeddable":true,"href":"https:\/\/tvc16.com\/portal\/wp-json\/wp\/v2\/users\/2"}],"replies":[{"embeddable":true,"href":"https:\/\/tvc16.com\/portal\/wp-json\/wp\/v2\/comments?post=4505"}],"version-history":[{"count":1,"href":"https:\/\/tvc16.com\/portal\/wp-json\/wp\/v2\/posts\/4505\/revisions"}],"predecessor-version":[{"id":4507,"href":"https:\/\/tvc16.com\/portal\/wp-json\/wp\/v2\/posts\/4505\/revisions\/4507"}],"wp:featuredmedia":[{"embeddable":true,"href":"https:\/\/tvc16.com\/portal\/wp-json\/wp\/v2\/media\/4506"}],"wp:attachment":[{"href":"https:\/\/tvc16.com\/portal\/wp-json\/wp\/v2\/media?parent=4505"}],"wp:term":[{"taxonomy":"category","embeddable":true,"href":"https:\/\/tvc16.com\/portal\/wp-json\/wp\/v2\/categories?post=4505"},{"taxonomy":"post_tag","embeddable":true,"href":"https:\/\/tvc16.com\/portal\/wp-json\/wp\/v2\/tags?post=4505"}],"curies":[{"name":"wp","href":"https:\/\/api.w.org\/{rel}","templated":true}]}}