{"id":4508,"date":"2020-10-31T18:36:28","date_gmt":"2020-10-31T18:36:28","guid":{"rendered":"https:\/\/tvc16.com\/portal\/?p=4508"},"modified":"2020-10-31T18:36:28","modified_gmt":"2020-10-31T18:36:28","slug":"com-covid-19-ministro-da-saude-segue-internado-em-brasilia","status":"publish","type":"post","link":"https:\/\/tvc16.com\/portal\/2020\/10\/31\/com-covid-19-ministro-da-saude-segue-internado-em-brasilia\/","title":{"rendered":"Com covid-19, ministro da Sa\u00fade segue internado em Bras\u00edlia"},"content":{"rendered":"\n<h3 class=\"wp-block-heading\">Nova avalia\u00e7\u00e3o do paciente ser\u00e1 feita amanh\u00e3<\/h3>\n\n\n\n<h4 class=\"wp-block-heading\">Por Karine Melo &#8211; Rep\u00f3rter da Ag\u00eancia Brasil &#8211; Bras\u00edlia<\/h4>\n\n\n\n<p>O ministro da Sa\u00fade, Eduardo Pazuello, segue internado pelo menos at\u00e9 amanh\u00e3 (1\u00ba) no hospital DF Star, em Bras\u00edlia, onde se submeteu a uma avalia\u00e7\u00e3o cl\u00ednica. Ele apresentou um quadro de desidrata\u00e7\u00e3o.&nbsp;<img decoding=\"async\" src=\"https:\/\/agenciabrasil.ebc.com.br\/ebc.png?id=1391990&amp;o=node\"><img decoding=\"async\" src=\"https:\/\/agenciabrasil.ebc.com.br\/ebc.gif?id=1391990&amp;o=node\"><\/p>\n\n\n\n<p>\u201cN\u00e3o houve necessidade de medidas de suporte como suplementa\u00e7\u00e3o de oxig\u00eanio. Informamos, ainda, que o ministro encontra-se bem, est\u00e1vel, internado em apartamento e permanecer\u00e1 no hospital at\u00e9 amanh\u00e3, para nova avalia\u00e7\u00e3o\u201d, diz a nota assinada pelos m\u00e9dicos Ludhmila Hajar e Pedro Loretti.<\/p>\n\n\n\n<p>No dia 21 de outubro o ministro da Sa\u00fade foi diagnosticado com covid-19 e recebeu, no dia seguinte, a visita do presidente Jair Bolsonaro. Desde que testou positivo para o novo coronav\u00edrus, o ministro da Sa\u00fade permaneceu no hotel que mora em Bras\u00edlia, sem compromissos oficiais.<\/p>\n\n\n\n<p>Al\u00e9m de Pazuello, foram infectados os ministros Luiz Eduardo Ramos (Secretaria de Governo), Augusto Heleno (Gabinete de Seguran\u00e7a Institucional), Bento Albuquerque (Minas e Energia), Milton Ribeiro (Educa\u00e7\u00e3o), Onyx Lorenzoni (Cidadania), Marcos Pontes (Ci\u00eancia, Tecnologia e Inova\u00e7\u00f5es), Wagner Ros\u00e1rio (Controladoria-Geral da Uni\u00e3o), Braga Netto (Casa Civil), Jorge Oliveira (Secretaria-Geral), Marcelo \u00c1lvaro Ant\u00f4nio (Turismo) e Fabio Faria (Comunica\u00e7\u00f5es). O presidente Jair Bolsonaro e a primeira-dama, Michelle Bolsonaro, tamb\u00e9m j\u00e1 tiveram a doen\u00e7a. Todos se recuperaram bem.<\/p>\n\n\n\n<p>Edi\u00e7\u00e3o: Kleber Sampaio<\/p>\n","protected":false},"excerpt":{"rendered":"<p>Nova avalia\u00e7\u00e3o do paciente ser\u00e1 feita amanh\u00e3 Por Karine Melo &#8211; Rep\u00f3rter da Ag\u00eancia Brasil<\/p>\n","protected":false},"author":2,"featured_media":4509,"comment_status":"open","ping_status":"open","sticky":false,"template":"","format":"standard","meta":{"footnotes":""},"categories":[17],"tags":[],"class_list":["post-4508","post","type-post","status-publish","format-standard","has-post-thumbnail","hentry","category-outras-noticias"],"_links":{"self":[{"href":"https:\/\/tvc16.com\/portal\/wp-json\/wp\/v2\/posts\/4508","targetHints":{"allow":["GET"]}}],"collection":[{"href":"https:\/\/tvc16.com\/portal\/wp-json\/wp\/v2\/posts"}],"about":[{"href":"https:\/\/tvc16.com\/portal\/wp-json\/wp\/v2\/types\/post"}],"author":[{"embeddable":true,"href":"https:\/\/tvc16.com\/portal\/wp-json\/wp\/v2\/users\/2"}],"replies":[{"embeddable":true,"href":"https:\/\/tvc16.com\/portal\/wp-json\/wp\/v2\/comments?post=4508"}],"version-history":[{"count":1,"href":"https:\/\/tvc16.com\/portal\/wp-json\/wp\/v2\/posts\/4508\/revisions"}],"predecessor-version":[{"id":4510,"href":"https:\/\/tvc16.com\/portal\/wp-json\/wp\/v2\/posts\/4508\/revisions\/4510"}],"wp:featuredmedia":[{"embeddable":true,"href":"https:\/\/tvc16.com\/portal\/wp-json\/wp\/v2\/media\/4509"}],"wp:attachment":[{"href":"https:\/\/tvc16.com\/portal\/wp-json\/wp\/v2\/media?parent=4508"}],"wp:term":[{"taxonomy":"category","embeddable":true,"href":"https:\/\/tvc16.com\/portal\/wp-json\/wp\/v2\/categories?post=4508"},{"taxonomy":"post_tag","embeddable":true,"href":"https:\/\/tvc16.com\/portal\/wp-json\/wp\/v2\/tags?post=4508"}],"curies":[{"name":"wp","href":"https:\/\/api.w.org\/{rel}","templated":true}]}}