{"id":4511,"date":"2020-10-31T18:41:26","date_gmt":"2020-10-31T18:41:26","guid":{"rendered":"https:\/\/tvc16.com\/portal\/?p=4511"},"modified":"2020-10-31T18:41:26","modified_gmt":"2020-10-31T18:41:26","slug":"bolsonaro-sobre-fala-de-mourao-nao-delego-assunto-que-e-do-presidente","status":"publish","type":"post","link":"https:\/\/tvc16.com\/portal\/2020\/10\/31\/bolsonaro-sobre-fala-de-mourao-nao-delego-assunto-que-e-do-presidente\/","title":{"rendered":"Bolsonaro sobre fala de Mour\u00e3o: \u201cn\u00e3o delego assunto que \u00e9 do presidente\u201d"},"content":{"rendered":"\n<p>Leandro Magalh\u00e3es, da CNN, em Bras\u00edlia<\/p>\n\n\n\n<p> O presidente Jair Bolsonaro n\u00e3o quis comentar diretamente a declara\u00e7\u00e3o do vice-presidente, Hamilton Mour\u00e3o, \u00e0 revista Veja de que o Brasil vai comprar a vacina chinesa.\u00a0<\/p>\n\n\n\n<p>\u00c0&nbsp;<strong>CNN<\/strong>, Jair Bolsonaro afirmou que ele [Bolsonaro] n\u00e3o delega assuntos de compet\u00eancia do presidente da Rep\u00fablica a ningu\u00e9m.<\/p>\n\n\n\n<p>&#8220;Eu n\u00e3o delego a ningu\u00e9m tratar sobre qualquer outro assunto relacionado ao presidente da Rep\u00fablica. E a caneta BIC \u00e9 minha e ainda tem tinta&#8221;.<\/p>\n\n\n\n<p>O presidente tamb\u00e9m reafirmou que a vacina escolhida pelo governo n\u00e3o ser\u00e1 obrigat\u00f3ria e que n\u00e3o \u00e9 atribui\u00e7\u00e3o da Anvisa (Ag\u00eancia Nacional de Vigil\u00e2ncia Sanit\u00e1ria) pagar pela vacina.<\/p>\n\n\n\n<p>&#8220;A vacina escolhida pelo governo n\u00e3o ser\u00e1 obrigat\u00f3ria, e a Anvisa n\u00e3o paga a conta, ela apenas autoriza&#8221;, destacou Bolsonaro.<\/p>\n\n\n\n<p><\/p>\n","protected":false},"excerpt":{"rendered":"<p>Foto: Ueslei Marcelino &#8211; 07.out.2020 \/ Reuters<\/p>\n","protected":false},"author":2,"featured_media":4512,"comment_status":"open","ping_status":"open","sticky":false,"template":"","format":"standard","meta":{"footnotes":""},"categories":[14],"tags":[],"class_list":["post-4511","post","type-post","status-publish","format-standard","has-post-thumbnail","hentry","category-pais"],"_links":{"self":[{"href":"https:\/\/tvc16.com\/portal\/wp-json\/wp\/v2\/posts\/4511","targetHints":{"allow":["GET"]}}],"collection":[{"href":"https:\/\/tvc16.com\/portal\/wp-json\/wp\/v2\/posts"}],"about":[{"href":"https:\/\/tvc16.com\/portal\/wp-json\/wp\/v2\/types\/post"}],"author":[{"embeddable":true,"href":"https:\/\/tvc16.com\/portal\/wp-json\/wp\/v2\/users\/2"}],"replies":[{"embeddable":true,"href":"https:\/\/tvc16.com\/portal\/wp-json\/wp\/v2\/comments?post=4511"}],"version-history":[{"count":1,"href":"https:\/\/tvc16.com\/portal\/wp-json\/wp\/v2\/posts\/4511\/revisions"}],"predecessor-version":[{"id":4513,"href":"https:\/\/tvc16.com\/portal\/wp-json\/wp\/v2\/posts\/4511\/revisions\/4513"}],"wp:featuredmedia":[{"embeddable":true,"href":"https:\/\/tvc16.com\/portal\/wp-json\/wp\/v2\/media\/4512"}],"wp:attachment":[{"href":"https:\/\/tvc16.com\/portal\/wp-json\/wp\/v2\/media?parent=4511"}],"wp:term":[{"taxonomy":"category","embeddable":true,"href":"https:\/\/tvc16.com\/portal\/wp-json\/wp\/v2\/categories?post=4511"},{"taxonomy":"post_tag","embeddable":true,"href":"https:\/\/tvc16.com\/portal\/wp-json\/wp\/v2\/tags?post=4511"}],"curies":[{"name":"wp","href":"https:\/\/api.w.org\/{rel}","templated":true}]}}