{"id":4524,"date":"2020-10-31T19:33:28","date_gmt":"2020-10-31T19:33:28","guid":{"rendered":"https:\/\/tvc16.com\/portal\/?p=4524"},"modified":"2020-10-31T19:33:28","modified_gmt":"2020-10-31T19:33:28","slug":"o-maior-comercio-a-ceu-aberto-do-pais-voltou-a-funcionar-aos-domingos","status":"publish","type":"post","link":"https:\/\/tvc16.com\/portal\/2020\/10\/31\/o-maior-comercio-a-ceu-aberto-do-pais-voltou-a-funcionar-aos-domingos\/","title":{"rendered":"O maior com\u00e9rcio a c\u00e9u aberto do Pa\u00eds voltou a funcionar aos Domingos"},"content":{"rendered":"\n<p>Rua Teresa, em Petr\u00f3polis, j\u00e1 tem autoriza\u00e7\u00e3o para abrir aos domingos<\/p>\n\n\n\n<p>A pandemia fechou a Rua Teresa por cinco meses, depois veio a flexibiliza\u00e7\u00e3o com hor\u00e1rio reduzido e protocolos sanit\u00e1rios. Aos poucos as lojas foram se adaptando ao novo normal e recuperando as vendas. <\/p>\n\n\n\n<p>A partir desde domingo, 01, (feriado prolongado) as lojas voltam a funcionar com abertura \u00e0s 10h e fechamento \u00e0s 17h. N\u00e3o h\u00e1 ainda um levantamento de quantos estabelecimentos ir\u00e3o abrir neste domingo, mas todos os empres\u00e1rios que quiserem retomar o funcionamento, dentro do acordo dos sindicatos, est\u00e3o autorizados. <\/p>\n\n\n\n<p>Para quem vai abrir, a expectativa \u00e9 de atender os turistas que est\u00e3o na Cidade. Segundo informa\u00e7\u00f5es do PC&amp;VB, a Rede hoteleira est\u00e1 com sua capacidade em 90%.<\/p>\n\n\n\n<p>Mas, aten\u00e7\u00e3o, nem todas as lojas estar\u00e3o abertas, ent\u00e3o \u00e9 melhor consultar as redes sociais oficiais das suas lojas preferidas e confirmar o funcionamento.<\/p>\n\n\n\n<figure class=\"wp-block-image size-large\"><img loading=\"lazy\" decoding=\"async\" width=\"1024\" height=\"576\" src=\"https:\/\/tvc16.com\/portal\/wp-content\/uploads\/2020\/10\/IMG-20201026-WA0094-1024x576.jpg\" alt=\"\" class=\"wp-image-4527\" srcset=\"https:\/\/tvc16.com\/portal\/wp-content\/uploads\/2020\/10\/IMG-20201026-WA0094-1024x576.jpg 1024w, https:\/\/tvc16.com\/portal\/wp-content\/uploads\/2020\/10\/IMG-20201026-WA0094-300x169.jpg 300w, https:\/\/tvc16.com\/portal\/wp-content\/uploads\/2020\/10\/IMG-20201026-WA0094-768x432.jpg 768w, https:\/\/tvc16.com\/portal\/wp-content\/uploads\/2020\/10\/IMG-20201026-WA0094.jpg 1280w\" sizes=\"auto, (max-width: 1024px) 100vw, 1024px\" \/><\/figure>\n","protected":false},"excerpt":{"rendered":"<p>Rua Teresa, em Petr\u00f3polis, j\u00e1 tem autoriza\u00e7\u00e3o para abrir aos domingos A pandemia fechou a<\/p>\n","protected":false},"author":2,"featured_media":4525,"comment_status":"open","ping_status":"open","sticky":false,"template":"","format":"standard","meta":{"footnotes":""},"categories":[12],"tags":[],"class_list":["post-4524","post","type-post","status-publish","format-standard","has-post-thumbnail","hentry","category-cidade"],"_links":{"self":[{"href":"https:\/\/tvc16.com\/portal\/wp-json\/wp\/v2\/posts\/4524","targetHints":{"allow":["GET"]}}],"collection":[{"href":"https:\/\/tvc16.com\/portal\/wp-json\/wp\/v2\/posts"}],"about":[{"href":"https:\/\/tvc16.com\/portal\/wp-json\/wp\/v2\/types\/post"}],"author":[{"embeddable":true,"href":"https:\/\/tvc16.com\/portal\/wp-json\/wp\/v2\/users\/2"}],"replies":[{"embeddable":true,"href":"https:\/\/tvc16.com\/portal\/wp-json\/wp\/v2\/comments?post=4524"}],"version-history":[{"count":1,"href":"https:\/\/tvc16.com\/portal\/wp-json\/wp\/v2\/posts\/4524\/revisions"}],"predecessor-version":[{"id":4528,"href":"https:\/\/tvc16.com\/portal\/wp-json\/wp\/v2\/posts\/4524\/revisions\/4528"}],"wp:featuredmedia":[{"embeddable":true,"href":"https:\/\/tvc16.com\/portal\/wp-json\/wp\/v2\/media\/4525"}],"wp:attachment":[{"href":"https:\/\/tvc16.com\/portal\/wp-json\/wp\/v2\/media?parent=4524"}],"wp:term":[{"taxonomy":"category","embeddable":true,"href":"https:\/\/tvc16.com\/portal\/wp-json\/wp\/v2\/categories?post=4524"},{"taxonomy":"post_tag","embeddable":true,"href":"https:\/\/tvc16.com\/portal\/wp-json\/wp\/v2\/tags?post=4524"}],"curies":[{"name":"wp","href":"https:\/\/api.w.org\/{rel}","templated":true}]}}