{"id":4529,"date":"2020-10-31T21:44:10","date_gmt":"2020-10-31T21:44:10","guid":{"rendered":"https:\/\/tvc16.com\/portal\/?p=4529"},"modified":"2020-10-31T21:44:10","modified_gmt":"2020-10-31T21:44:10","slug":"a-partir-de-fevereiro-motoristas-nao-pagarao-pedagio-na-br-040","status":"publish","type":"post","link":"https:\/\/tvc16.com\/portal\/2020\/10\/31\/a-partir-de-fevereiro-motoristas-nao-pagarao-pedagio-na-br-040\/","title":{"rendered":"A partir de fevereiro, motoristas n\u00e3o pagar\u00e3o ped\u00e1gio na BR-040"},"content":{"rendered":"\n<p>Quem passa pela estrada, diariamente ou eventualmente, j\u00e1 pode comemorar, um gasto a menos na viagem, pois a partir de fevereiro de 2021, e por at\u00e9 um ano e meio, usu\u00e1rios da BR-040 entre Rio e Juiz de Fora ficar\u00e3o sem pagar ped\u00e1gio. Isso, por conta do fim da atual concess\u00e3o e pela decis\u00e3o do Minist\u00e9rio da Infraestrutura de fazer mudan\u00e7as no modelo de contrato: a futura licita\u00e7\u00e3o ser\u00e1 do trecho Rio-Belo Horizonte, mas a nova concession\u00e1ria s\u00f3 dever\u00e1 assumir a rodovia no segundo semestre de 2022.<\/p>\n\n\n\n<figure class=\"wp-block-image size-large\"><img loading=\"lazy\" decoding=\"async\" width=\"772\" height=\"435\" src=\"https:\/\/tvc16.com\/portal\/wp-content\/uploads\/2020\/10\/Pedagio_Concer_BR-040.png\" alt=\"\" class=\"wp-image-4530\" srcset=\"https:\/\/tvc16.com\/portal\/wp-content\/uploads\/2020\/10\/Pedagio_Concer_BR-040.png 772w, https:\/\/tvc16.com\/portal\/wp-content\/uploads\/2020\/10\/Pedagio_Concer_BR-040-300x169.png 300w, https:\/\/tvc16.com\/portal\/wp-content\/uploads\/2020\/10\/Pedagio_Concer_BR-040-768x433.png 768w\" sizes=\"auto, (max-width: 772px) 100vw, 772px\" \/><\/figure>\n\n\n\n<p><\/p>\n","protected":false},"excerpt":{"rendered":"<p>Quem passa pela estrada, diariamente ou eventualmente, j\u00e1 pode comemorar, um gasto a menos na<\/p>\n","protected":false},"author":2,"featured_media":4533,"comment_status":"open","ping_status":"open","sticky":false,"template":"","format":"standard","meta":{"footnotes":""},"categories":[12],"tags":[],"class_list":["post-4529","post","type-post","status-publish","format-standard","has-post-thumbnail","hentry","category-cidade"],"_links":{"self":[{"href":"https:\/\/tvc16.com\/portal\/wp-json\/wp\/v2\/posts\/4529","targetHints":{"allow":["GET"]}}],"collection":[{"href":"https:\/\/tvc16.com\/portal\/wp-json\/wp\/v2\/posts"}],"about":[{"href":"https:\/\/tvc16.com\/portal\/wp-json\/wp\/v2\/types\/post"}],"author":[{"embeddable":true,"href":"https:\/\/tvc16.com\/portal\/wp-json\/wp\/v2\/users\/2"}],"replies":[{"embeddable":true,"href":"https:\/\/tvc16.com\/portal\/wp-json\/wp\/v2\/comments?post=4529"}],"version-history":[{"count":1,"href":"https:\/\/tvc16.com\/portal\/wp-json\/wp\/v2\/posts\/4529\/revisions"}],"predecessor-version":[{"id":4534,"href":"https:\/\/tvc16.com\/portal\/wp-json\/wp\/v2\/posts\/4529\/revisions\/4534"}],"wp:featuredmedia":[{"embeddable":true,"href":"https:\/\/tvc16.com\/portal\/wp-json\/wp\/v2\/media\/4533"}],"wp:attachment":[{"href":"https:\/\/tvc16.com\/portal\/wp-json\/wp\/v2\/media?parent=4529"}],"wp:term":[{"taxonomy":"category","embeddable":true,"href":"https:\/\/tvc16.com\/portal\/wp-json\/wp\/v2\/categories?post=4529"},{"taxonomy":"post_tag","embeddable":true,"href":"https:\/\/tvc16.com\/portal\/wp-json\/wp\/v2\/tags?post=4529"}],"curies":[{"name":"wp","href":"https:\/\/api.w.org\/{rel}","templated":true}]}}