{"id":4535,"date":"2020-10-31T22:05:04","date_gmt":"2020-10-31T22:05:04","guid":{"rendered":"https:\/\/tvc16.com\/portal\/?p=4535"},"modified":"2020-10-31T22:05:04","modified_gmt":"2020-10-31T22:05:04","slug":"escritores-brasileiros-ganham-campanha-que-comeca-em-dezembro-para-valorizar-a-literatura-nacional","status":"publish","type":"post","link":"https:\/\/tvc16.com\/portal\/2020\/10\/31\/escritores-brasileiros-ganham-campanha-que-comeca-em-dezembro-para-valorizar-a-literatura-nacional\/","title":{"rendered":"Escritores brasileiros ganham campanha, que come\u00e7a em dezembro, para valorizar a literatura nacional"},"content":{"rendered":"\n<p>A Campanha para valorizar a literatura brasileira e conscientizar os brasileiros a consumirem mais os livros nacionais tem apoio de editoras, autores e livreiros que ir\u00e3o se reunir em dezembro na \u201cSemana do Compre um Livro Nacional\u201d.<\/p>\n\n\n\n<p>A campanha ser\u00e1 realizada entre os dias primeiro e oito de dezembro e tem como embaixadora a renomada autora R\u00f4 Mierling, que al\u00e9m de j\u00e1 ter sido publicada por uma das maiores editoras brasileiras, \u00e9 autora da Harper Collins, uma das maiores casas editoriais do planeta.<\/p>\n\n\n\n<figure class=\"wp-block-image size-large\"><img loading=\"lazy\" decoding=\"async\" width=\"600\" height=\"600\" src=\"https:\/\/tvc16.com\/portal\/wp-content\/uploads\/2020\/10\/Ro-Mieling.jpg\" alt=\"\" class=\"wp-image-4536\" srcset=\"https:\/\/tvc16.com\/portal\/wp-content\/uploads\/2020\/10\/Ro-Mieling.jpg 600w, https:\/\/tvc16.com\/portal\/wp-content\/uploads\/2020\/10\/Ro-Mieling-300x300.jpg 300w, https:\/\/tvc16.com\/portal\/wp-content\/uploads\/2020\/10\/Ro-Mieling-150x150.jpg 150w\" sizes=\"auto, (max-width: 600px) 100vw, 600px\" \/><\/figure>\n\n\n\n<p>O professor e escritor Francisco Ferreira e a publicit\u00e1ria J\u00e9ssica Galiano, ambos do Rio de Janeiro, s\u00e3o os idealizadores do projeto, que conta atualmente com tr\u00eas coordenadores, al\u00e9m de reunir mais de cem multiplicadores, sendo estes; escritores, jornalistas, influencers digitais, leitores e profissionais da escrita que abra\u00e7aram a iniciativa voluntariamente.<\/p>\n\n\n\n<figure class=\"wp-block-image size-large\"><img loading=\"lazy\" decoding=\"async\" width=\"1024\" height=\"480\" src=\"https:\/\/tvc16.com\/portal\/wp-content\/uploads\/2020\/10\/idealizadores2-1024x480.jpg\" alt=\"\" class=\"wp-image-4537\" srcset=\"https:\/\/tvc16.com\/portal\/wp-content\/uploads\/2020\/10\/idealizadores2-1024x480.jpg 1024w, https:\/\/tvc16.com\/portal\/wp-content\/uploads\/2020\/10\/idealizadores2-300x141.jpg 300w, https:\/\/tvc16.com\/portal\/wp-content\/uploads\/2020\/10\/idealizadores2-768x360.jpg 768w, https:\/\/tvc16.com\/portal\/wp-content\/uploads\/2020\/10\/idealizadores2.jpg 1511w\" sizes=\"auto, (max-width: 1024px) 100vw, 1024px\" \/><figcaption>idealizadores da campanha<\/figcaption><\/figure>\n\n\n\n<p>\u201cAtrav\u00e9s da campanha vamos mudar essa l\u00f3gica que prestigia a literatura estrangeira, relegando autores nacionais \u00e0 marginalidade. Essa iniciativa surgiu de diversas postagens de escritores que reclamavam sobre a aparente aus\u00eancia do agente liter\u00e1rio no Brasil. Trata-se de um profissional que leva os originais de livros e roteiros para as editoras e produtoras. Ainda de acordo com Ferreira, esse profissional pouco atua no pa\u00eds, pois n\u00e3o h\u00e1 interesse das grandes editoras em publicar autores nacionais\u201d, enfatiza Ferreira.<\/p>\n\n\n\n<figure class=\"wp-block-image size-large\"><img loading=\"lazy\" decoding=\"async\" width=\"600\" height=\"600\" src=\"https:\/\/tvc16.com\/portal\/wp-content\/uploads\/2020\/10\/idealizador-Chico.jpg\" alt=\"\" class=\"wp-image-4538\" srcset=\"https:\/\/tvc16.com\/portal\/wp-content\/uploads\/2020\/10\/idealizador-Chico.jpg 600w, https:\/\/tvc16.com\/portal\/wp-content\/uploads\/2020\/10\/idealizador-Chico-300x300.jpg 300w, https:\/\/tvc16.com\/portal\/wp-content\/uploads\/2020\/10\/idealizador-Chico-150x150.jpg 150w\" sizes=\"auto, (max-width: 600px) 100vw, 600px\" \/><\/figure>\n\n\n\n<p>O objetivo \u00e9 valorizar uma das maiores riquezas culturais do pa\u00eds, que s\u00e3o os seus escritores e os livros brasileiros. J\u00e1 para a semana do evento, os organizadores celebram a marca de quase 100 inscri\u00e7\u00f5es feitas por autores independentes, editoras e livreiros, tudo em tempo recorde: tr\u00eas dias.<\/p>\n\n\n\n<figure class=\"wp-block-image size-large\"><img loading=\"lazy\" decoding=\"async\" width=\"600\" height=\"600\" src=\"https:\/\/tvc16.com\/portal\/wp-content\/uploads\/2020\/10\/Jessica-idealizadora.jpg\" alt=\"\" class=\"wp-image-4539\" srcset=\"https:\/\/tvc16.com\/portal\/wp-content\/uploads\/2020\/10\/Jessica-idealizadora.jpg 600w, https:\/\/tvc16.com\/portal\/wp-content\/uploads\/2020\/10\/Jessica-idealizadora-300x300.jpg 300w, https:\/\/tvc16.com\/portal\/wp-content\/uploads\/2020\/10\/Jessica-idealizadora-150x150.jpg 150w\" sizes=\"auto, (max-width: 600px) 100vw, 600px\" \/><\/figure>\n\n\n\n<p>Como participar;<\/p>\n\n\n\n<p>Os interessados em participar e\/ou apoiar o evento dever\u00e3o entrar em contato pelo Instagram da campanha: @campanha_livro_nacional ou atrav\u00e9s do e-mail: <a href=\"mailto:semanadocompreumlivronacional@gmail.com\">semanadocompreumlivronacional@gmail.com<\/a><\/p>\n\n\n\n<p>Curadoria Francisco Ferreira &#8211; Idealizador e Coordenador Geral: Mestrando em Teoria da Literatura e Literatura Comparada pela UERJ; consultor de roteiro e roteirista; autor dos livros: O menino de Daom\u00e9, A beleza assombrosa da luz maldita e A Farm\u00e1cia.<\/p>\n\n\n\n<p>Jessica Galiano &#8211; Idealizadora e Publicit\u00e1ria: Graduada em marketing e Direito, publicit\u00e1ria, jornalista, designer, capista e diagramadora de livros. Rela\u00e7\u00f5es internacionais da campanha. Juliete Vasconcelos | Coordenadora de Rela\u00e7\u00f5es P\u00fablicas: turism\u00f3loga; graduanda em Letras; autora da trilogia \u201cO Ceifador de Anjos\u201d e do livro \u201cQuando os p\u00e1ssaros pousam\u201d e outros contos psicop\u00e1ticos; editora do Editorial \u201cEco Liter\u00e1rio\u201d.<\/p>\n\n\n\n<p>Cibele Laurentino &#8211; Coordenadora de Redes Sociais: gestora em turismo; graduanda em Letras; autora dos livros O cactus e Nobelina. Gustavo Cabral Barber\u00e1 | Coordenador de Multiplicadores: bi\u00f3logo e professor. Contato<\/p>\n","protected":false},"excerpt":{"rendered":"<p>A Campanha para valorizar a literatura brasileira e conscientizar os brasileiros a consumirem mais os<\/p>\n","protected":false},"author":2,"featured_media":4542,"comment_status":"open","ping_status":"open","sticky":false,"template":"","format":"standard","meta":{"footnotes":""},"categories":[21],"tags":[],"class_list":["post-4535","post","type-post","status-publish","format-standard","has-post-thumbnail","hentry","category-cultura"],"_links":{"self":[{"href":"https:\/\/tvc16.com\/portal\/wp-json\/wp\/v2\/posts\/4535","targetHints":{"allow":["GET"]}}],"collection":[{"href":"https:\/\/tvc16.com\/portal\/wp-json\/wp\/v2\/posts"}],"about":[{"href":"https:\/\/tvc16.com\/portal\/wp-json\/wp\/v2\/types\/post"}],"author":[{"embeddable":true,"href":"https:\/\/tvc16.com\/portal\/wp-json\/wp\/v2\/users\/2"}],"replies":[{"embeddable":true,"href":"https:\/\/tvc16.com\/portal\/wp-json\/wp\/v2\/comments?post=4535"}],"version-history":[{"count":1,"href":"https:\/\/tvc16.com\/portal\/wp-json\/wp\/v2\/posts\/4535\/revisions"}],"predecessor-version":[{"id":4543,"href":"https:\/\/tvc16.com\/portal\/wp-json\/wp\/v2\/posts\/4535\/revisions\/4543"}],"wp:featuredmedia":[{"embeddable":true,"href":"https:\/\/tvc16.com\/portal\/wp-json\/wp\/v2\/media\/4542"}],"wp:attachment":[{"href":"https:\/\/tvc16.com\/portal\/wp-json\/wp\/v2\/media?parent=4535"}],"wp:term":[{"taxonomy":"category","embeddable":true,"href":"https:\/\/tvc16.com\/portal\/wp-json\/wp\/v2\/categories?post=4535"},{"taxonomy":"post_tag","embeddable":true,"href":"https:\/\/tvc16.com\/portal\/wp-json\/wp\/v2\/tags?post=4535"}],"curies":[{"name":"wp","href":"https:\/\/api.w.org\/{rel}","templated":true}]}}