{"id":4547,"date":"2020-11-01T13:44:32","date_gmt":"2020-11-01T13:44:32","guid":{"rendered":"https:\/\/tvc16.com\/portal\/?p=4547"},"modified":"2020-11-01T13:44:32","modified_gmt":"2020-11-01T13:44:32","slug":"prefeituras-e-cemiterios-avaliam-se-liberam-acesso-no-dia-de-finados","status":"publish","type":"post","link":"https:\/\/tvc16.com\/portal\/2020\/11\/01\/prefeituras-e-cemiterios-avaliam-se-liberam-acesso-no-dia-de-finados\/","title":{"rendered":"Prefeituras e cemit\u00e9rios avaliam se liberam acesso no Dia de Finados"},"content":{"rendered":"\n<h3 class=\"wp-block-heading\">Em um ano de pandemia, aglomera\u00e7\u00f5es n\u00e3o s\u00e3o recomend\u00e1veis<\/h3>\n\n\n\n<h4 class=\"wp-block-heading\">Por Marcelo Brand\u00e3o* &#8211; rep\u00f3rter da Ag\u00eancia Brasil &#8211; Bras\u00edlia<\/h4>\n\n\n\n<p>O Dia de Finados \u00e9 tradicionalmente marcado pela presen\u00e7a maci\u00e7a de pessoas nos cemit\u00e9rios. \u00c9 o dia no qual muita gente visita t\u00famulos de parentes e amigos falecidos para prestar homenagens, levar flores e estabelecer algum tipo de conex\u00e3o espiritual com os que j\u00e1 se foram. Este ano, por\u00e9m, imp\u00f5e um desafio a essas pessoas. Em um cen\u00e1rio de pandemia de covid-19, aglomera\u00e7\u00f5es, como as vistas nos cemit\u00e9rios a cada 2 de novembro, n\u00e3o s\u00e3o recomend\u00e1veis.<img decoding=\"async\" src=\"https:\/\/agenciabrasil.ebc.com.br\/ebc.png?id=1392005&amp;o=node\"><img decoding=\"async\" src=\"https:\/\/agenciabrasil.ebc.com.br\/ebc.gif?id=1392005&amp;o=node\"><\/p>\n\n\n\n<p>Alguns cemit\u00e9rios do pa\u00eds sequer abrir\u00e3o as portas nesse dia. Outros permitir\u00e3o o acesso, mas com restri\u00e7\u00f5es. No estado de S\u00e3o Paulo, o governo liberou as prefeituras para decidirem sobre o acesso aos cemit\u00e9rios, mas frisou que, caso os port\u00f5es abram, a popula\u00e7\u00e3o deve observar o distanciamento social e protocolos sanit\u00e1rios, como uso de m\u00e1scara.<\/p>\n\n\n\n<p>Em Bras\u00edlia ocorrer\u00e1 algo semelhante. O Campo da Esperan\u00e7a, empresa que administra seis cemit\u00e9rios no Distrito Federal, informou que abrir\u00e1 as portas e tomar\u00e1 algumas provid\u00eancias extras, como uma maior frequ\u00eancia na limpeza dos banheiros. Al\u00e9m disso, n\u00e3o distribuir\u00e1 copos descart\u00e1veis e n\u00e3o vai espalhar banheiros qu\u00edmicos pelo local.<\/p>\n\n\n\n<p>Ao mesmo tempo, a administra\u00e7\u00e3o desses cemit\u00e9rios estimula que as pessoas evitem visitar os t\u00famulos de pessoas queridas neste feriado e fa\u00e7am suas homenagens de casa. \u201cOs cemit\u00e9rios costumam receber no feriado milhares de visitantes e, por mais que os campos sejam abertos, a possibilidade de haver aglomera\u00e7\u00e3o \u00e9 grande, principalmente pr\u00f3ximo aos port\u00f5es\u201d, informou a Campo da Esperan\u00e7a Servi\u00e7os Ltda, em nota.<\/p>\n\n\n\n<p>\u201cPelo mesmo motivo, a Arquidiocese de Bras\u00edlia decidiu n\u00e3o realizar as missas presenciais, que sempre ocorrem nos seis cemit\u00e9rios do DF durante todo o Dia de Finados. Tamb\u00e9m n\u00e3o haver\u00e1 qualquer outro tipo de celebra\u00e7\u00e3o\u201d, acrescentou.<\/p>\n\n\n\n<p>O governador do Distrito Federal, Ibaneis Rocha, assinou um decreto esta semana com os protocolos que devem ser adotados nos cemit\u00e9rios da capital durante o feriado. Segundo o decreto, os visitantes dever\u00e3o usar m\u00e1scaras e manter dist\u00e2ncia m\u00ednima de dois metros entre eles. Entradas em grupos ser\u00e3o permitidas para, no m\u00e1ximo, seis pessoas.<\/p>\n\n\n\n<p>Os port\u00f5es ser\u00e3o abertos uma hora antes do habitual, \u00e0s 7h, e fechar\u00e3o uma hora mais tarde, \u00e0s 19h. O governo far\u00e1 a distribui\u00e7\u00e3o de 50 mil m\u00e1scaras nos cemit\u00e9rios do DF. Al\u00e9m disso, o governo decidiu reduzir o n\u00famero de vendedores ambulantes na frente dos cemit\u00e9rios.<\/p>\n\n\n\n<p>J\u00e1 em Belo Horizonte, os cemit\u00e9rios ficar\u00e3o fechados. A prefeitura decidiu manter as regras do decreto municipal do m\u00eas de mar\u00e7o e n\u00e3o vai permitir visitas a t\u00famulos nem o tr\u00e2nsito de pessoas dentro dos cemit\u00e9rios, com exce\u00e7\u00e3o para participa\u00e7\u00e3o em sepultamentos no dia.<\/p>\n\n\n\n<p>Em agosto, no dia dos pais, Manaus n\u00e3o liberou a visita \u00e0s sepulturas e para o dia de finados n\u00e3o deve ser diferente. At\u00e9 o momento, a informa\u00e7\u00e3o da prefeitura \u00e9 de que os cemit\u00e9rios p\u00fablicos seguem fechados para a visita\u00e7\u00e3o.<\/p>\n\n\n\n<p><em>* Colaborou Ma\u00edra Heinen, da Radioag\u00eancia Nacional.<\/em><\/p>\n\n\n\n<p>Edi\u00e7\u00e3o: Val\u00e9ria Aguiar<\/p>\n","protected":false},"excerpt":{"rendered":"<p>Em um ano de pandemia, aglomera\u00e7\u00f5es n\u00e3o s\u00e3o recomend\u00e1veis Por Marcelo Brand\u00e3o* &#8211; rep\u00f3rter da<\/p>\n","protected":false},"author":2,"featured_media":4548,"comment_status":"open","ping_status":"open","sticky":false,"template":"","format":"standard","meta":{"footnotes":""},"categories":[14],"tags":[],"class_list":["post-4547","post","type-post","status-publish","format-standard","has-post-thumbnail","hentry","category-pais"],"_links":{"self":[{"href":"https:\/\/tvc16.com\/portal\/wp-json\/wp\/v2\/posts\/4547","targetHints":{"allow":["GET"]}}],"collection":[{"href":"https:\/\/tvc16.com\/portal\/wp-json\/wp\/v2\/posts"}],"about":[{"href":"https:\/\/tvc16.com\/portal\/wp-json\/wp\/v2\/types\/post"}],"author":[{"embeddable":true,"href":"https:\/\/tvc16.com\/portal\/wp-json\/wp\/v2\/users\/2"}],"replies":[{"embeddable":true,"href":"https:\/\/tvc16.com\/portal\/wp-json\/wp\/v2\/comments?post=4547"}],"version-history":[{"count":1,"href":"https:\/\/tvc16.com\/portal\/wp-json\/wp\/v2\/posts\/4547\/revisions"}],"predecessor-version":[{"id":4549,"href":"https:\/\/tvc16.com\/portal\/wp-json\/wp\/v2\/posts\/4547\/revisions\/4549"}],"wp:featuredmedia":[{"embeddable":true,"href":"https:\/\/tvc16.com\/portal\/wp-json\/wp\/v2\/media\/4548"}],"wp:attachment":[{"href":"https:\/\/tvc16.com\/portal\/wp-json\/wp\/v2\/media?parent=4547"}],"wp:term":[{"taxonomy":"category","embeddable":true,"href":"https:\/\/tvc16.com\/portal\/wp-json\/wp\/v2\/categories?post=4547"},{"taxonomy":"post_tag","embeddable":true,"href":"https:\/\/tvc16.com\/portal\/wp-json\/wp\/v2\/tags?post=4547"}],"curies":[{"name":"wp","href":"https:\/\/api.w.org\/{rel}","templated":true}]}}