{"id":4550,"date":"2020-11-01T14:58:35","date_gmt":"2020-11-01T14:58:35","guid":{"rendered":"https:\/\/tvc16.com\/portal\/?p=4550"},"modified":"2020-11-01T14:58:35","modified_gmt":"2020-11-01T14:58:35","slug":"saiba-quais-os-novos-criterios-do-auxilio-emergencial-estendido-ate-dezembro","status":"publish","type":"post","link":"https:\/\/tvc16.com\/portal\/2020\/11\/01\/saiba-quais-os-novos-criterios-do-auxilio-emergencial-estendido-ate-dezembro\/","title":{"rendered":"Saiba quais os novos crit\u00e9rios do aux\u00edlio emergencial estendido at\u00e9 dezembro"},"content":{"rendered":"\n<p>O benef\u00edcio sofreu mudan\u00e7as com regras mais r\u00edgidas para as pessoas que t\u00eam direito e um valor menor do que o disponibilizado anteriormente<\/p>\n\n\n\n<p>O <strong><a href=\"http:\/\/www.caixa.gov.br\/auxilio\/Paginas\/default2.aspx\">Aux\u00edlio Emergencial<\/a><\/strong> institu\u00eddo pelo Governo Federal para ajudar a popula\u00e7\u00e3o de baixa renda durante a pandemia da Covid-19 no Brasil foi prorrogado at\u00e9 dezembro deste ano. Apesar disso, o benef\u00edcio sofreu mudan\u00e7as com regras mais r\u00edgidas para as pessoas que t\u00eam direito e um valor menor do que o disponibilizado anteriormente.<br><br>Com a publica\u00e7\u00e3o da <strong><a href=\"https:\/\/www.in.gov.br\/en\/web\/dou\/-\/medida-provisoria-n-1.000-de-2-de-setembro-de-2020-275657334\">Medida Provis\u00f3ria 1.000\/2020<\/a><\/strong>, o aux\u00edlio emergencial ser\u00e1 pago em quatro parcelas no valor de R$300,00. \u00c9 importante destacar que n\u00e3o receber\u00e3o essa ajuda os trabalhadores que tenham v\u00ednculo de emprego formal ativo adquirido ap\u00f3s o recebimento do aux\u00edlio emergencial iniciado em abril deste ano; aqueles que tenham obtido benef\u00edcio previdenci\u00e1rio, assistencial, seguro-desemprego ou de programa de transfer\u00eancia de renda federal ap\u00f3s come\u00e7ar a receber o aux\u00edlio emergencial em abril; quando a pessoa receber proventos acima de meio sal\u00e1rio-m\u00ednimo e a renda familiar mensal total acima de tr\u00eas sal\u00e1rios m\u00ednimos ou se for uma pessoa que mora fora do Brasil.<br><br>Al\u00e9m disso, n\u00e3o ter\u00e3o direito a receber o benef\u00edcio, pessoas que em 2019 tiveram rendimentos tribut\u00e1veis em valor superior a R$ 28.559,70; que tinha, em 31 de dezembro de 2019, a posse ou a propriedade de bens ou direitos, inclu\u00edda a terra nua, de valor total superior a R$ 300.000,00; entre outros requisitos estabelecidos pela medida provis\u00f3ria.<\/p>\n\n\n\n<p><img decoding=\"async\" alt=\"\" src=\"\/\/s3-sa-east-1.amazonaws.com\/agencia-radio-arb\/2825\/content_quem-nao-pode-receber-auxilio.png\"><br><br>De acordo com o economista e professor da Universidade de Bras\u00edlia, Jos\u00e9 Luiz Oreiro, essas novas medidas adotadas pelo governo federal, principalmente na redu\u00e7\u00e3o dos valores do aux\u00edlio para a popula\u00e7\u00e3o, podem trazer dificuldades para a economia brasileira pois diminui a recupera\u00e7\u00e3o que estava acontecendo at\u00e9 poucos meses atr\u00e1s. &nbsp;<br><br>\u201cObservamos \u00e9 que nessa prorroga\u00e7\u00e3o por quatro meses houve uma redu\u00e7\u00e3o significativa do valor do aux\u00edlio emergencial. Isso vai ter impacto no n\u00edvel de atividade econ\u00f4mica no quarto trimestre. O aux\u00edlio foi importante para limitar a queda de atividade econ\u00f4mica do segundo trimestre, est\u00e1 sendo importante na recupera\u00e7\u00e3o parcial do terceiro trimestre, mas a mesma ir\u00e1 perder f\u00f4lego no quarto trimestre de 2020 por conta da redu\u00e7\u00e3o no valor do aux\u00edlio emergencial\u201d, explicou Oreiro.<br><br>Para o governo, houve um avan\u00e7o na defini\u00e7\u00e3o dos crit\u00e9rios de quem pode receber. Al\u00e9m disso, levou em considera\u00e7\u00e3o apontamentos do Tribunal de Contas da Uni\u00e3o (TCU), com o objetivo de melhor selecionar o p\u00fablico-alvo do programa e dar uma destina\u00e7\u00e3o mais adequada ao dinheiro p\u00fablico.<\/p>\n\n\n\n<p><strong><a href=\"https:\/\/brasil61.com\/noticias\/impacto-fiscal-de-medidas-de-combate-a-pandemia-chega-a-r-605-bilhoes-bras201730\">Impacto Fiscal de medidas de combate \u00e0 pandemia chega a R$ 605 bilh\u00f5es<\/a><\/strong><\/p>\n\n\n\n<p><strong><a href=\"https:\/\/brasil61.com\/noticias\/governo-federal-prorroga-auxilio-emergencial-por-mais-quatro-meses-bras201646\">Governo federal prorroga aux\u00edlio emergencial por mais quatro meses<\/a><\/strong><br><br>O ministro da Cidadania, Onyx Lorenzoni, afirmou que apesar das redu\u00e7\u00f5es no valor do aux\u00edlio emergencial, essa ajuda do governo chegou a 44% dos lares em julho e deve ter impacto significativo na redu\u00e7\u00e3o das desigualdades de renda durante esse momento de pandemia.<br><br>\u201cMais de 60 milh\u00f5es de brasileiros v\u00e3o ter direito a receber o aux\u00edlio emergencial de R$300 daqui at\u00e9 dezembro, em um valor total de R$777 milh\u00f5es, sendo que R$11 milh\u00f5es n\u00f3s j\u00e1 temos aqui no Minist\u00e9rio da Cidadania. Esses s\u00e3o recursos ordin\u00e1rios que estavam destinados ao Bolsa Fam\u00edlia, e vamos ter uma medida provis\u00f3ria de cr\u00e9dito extraordin\u00e1rio no valor de R$65 bilh\u00f5es para completar os pagamentos at\u00e9 o m\u00eas de dezembro\u201d, disse o ministro. &nbsp;&nbsp;<\/p>\n\n\n\n<p>Fonte: <a href=\"https:\/\/brasil61.com\/noticias\/saiba-quais-os-novos-criterios-do-auxilio-emergencial-estendido-ate-dezembro-bras201739?email=bethdeoliveira@yahoo.com.br&amp;utm_source=newsletter&amp;utm_medium=newsletter&amp;utm_campaign=newsletter\" target=\"_blank\" rel=\"noreferrer noopener\">Brasil 61<\/a><\/p>\n","protected":false},"excerpt":{"rendered":"<p>O benef\u00edcio sofreu mudan\u00e7as com regras mais r\u00edgidas para as pessoas que t\u00eam direito e<\/p>\n","protected":false},"author":2,"featured_media":4551,"comment_status":"open","ping_status":"open","sticky":false,"template":"","format":"standard","meta":{"footnotes":""},"categories":[18],"tags":[],"class_list":["post-4550","post","type-post","status-publish","format-standard","has-post-thumbnail","hentry","category-economia"],"_links":{"self":[{"href":"https:\/\/tvc16.com\/portal\/wp-json\/wp\/v2\/posts\/4550","targetHints":{"allow":["GET"]}}],"collection":[{"href":"https:\/\/tvc16.com\/portal\/wp-json\/wp\/v2\/posts"}],"about":[{"href":"https:\/\/tvc16.com\/portal\/wp-json\/wp\/v2\/types\/post"}],"author":[{"embeddable":true,"href":"https:\/\/tvc16.com\/portal\/wp-json\/wp\/v2\/users\/2"}],"replies":[{"embeddable":true,"href":"https:\/\/tvc16.com\/portal\/wp-json\/wp\/v2\/comments?post=4550"}],"version-history":[{"count":1,"href":"https:\/\/tvc16.com\/portal\/wp-json\/wp\/v2\/posts\/4550\/revisions"}],"predecessor-version":[{"id":4552,"href":"https:\/\/tvc16.com\/portal\/wp-json\/wp\/v2\/posts\/4550\/revisions\/4552"}],"wp:featuredmedia":[{"embeddable":true,"href":"https:\/\/tvc16.com\/portal\/wp-json\/wp\/v2\/media\/4551"}],"wp:attachment":[{"href":"https:\/\/tvc16.com\/portal\/wp-json\/wp\/v2\/media?parent=4550"}],"wp:term":[{"taxonomy":"category","embeddable":true,"href":"https:\/\/tvc16.com\/portal\/wp-json\/wp\/v2\/categories?post=4550"},{"taxonomy":"post_tag","embeddable":true,"href":"https:\/\/tvc16.com\/portal\/wp-json\/wp\/v2\/tags?post=4550"}],"curies":[{"name":"wp","href":"https:\/\/api.w.org\/{rel}","templated":true}]}}