{"id":4553,"date":"2020-11-01T15:20:48","date_gmt":"2020-11-01T15:20:48","guid":{"rendered":"https:\/\/tvc16.com\/portal\/?p=4553"},"modified":"2020-11-01T23:39:30","modified_gmt":"2020-11-01T23:39:30","slug":"festival-sabores-da-primavera-do-valparaiso-gourmet-segue-ate-15-de-novembro","status":"publish","type":"post","link":"https:\/\/tvc16.com\/portal\/2020\/11\/01\/festival-sabores-da-primavera-do-valparaiso-gourmet-segue-ate-15-de-novembro\/","title":{"rendered":"Festival Sabores da Primavera, do Valpara\u00edso Gourmet, segue at\u00e9 15 de novembro."},"content":{"rendered":"\n<p>Este ano, o festival trouxe novidades que agradou a muita gente. As del\u00edcias gastron\u00f4micas oferecidas tanto nos restaurantes e confeitaria, quanto na vers\u00e3o delivery para degusta\u00e7\u00e3o no conforto de suas casas ou em hot\u00e9is e pousadas, j\u00e1 que Petr\u00f3polis felizmente est\u00e1 recebendo turistas novamente.<\/p>\n\n\n\n<p>H\u00e1 op\u00e7\u00f5es para todos os gostos e prefer\u00eancias, culin\u00e1rias contempor\u00e2nea, italiana, japonesa, pizzas e doces deliciosos e at\u00e9 \u00e1guas saborizadas importadas.<\/p>\n\n\n\n<p>Festival Sabores da Primavera do Valpara\u00edso Gourmet, \u00f3timo programa e, para quem n\u00e3o quer deixar o conforto do lar, pe\u00e7a por delivery. <\/p>\n\n\n\n<p>H\u00e1 op\u00e7\u00f5es gastron\u00f4micas para todos os gostos e prefer\u00eancias:<\/p>\n\n\n\n<p><strong>ARMAZ\u00c9M 646<\/strong><\/p>\n\n\n\n<p>Rua Visconde de Itabora\u00ed, 646&nbsp;<\/p>\n\n\n\n<p>(24) 2243-1001 \/ (24) 2231-4868 \/ WhatsApp: (24) 99232-9203<\/p>\n\n\n\n<p>Restaurante e delivery:<\/p>\n\n\n\n<p>Segunda a quinta, das 12h \u00e0s 15h \/ sexta a domingo e feriados, das 12h \u00e0s 0h<\/p>\n\n\n\n<p>M\u00fasica ao vivo: sextas e s\u00e1bados, a partir das 20h.<\/p>\n\n\n\n<p><strong>JAPA TEMAKI<\/strong><\/p>\n\n\n\n<p>Av. Portugal, 27<\/p>\n\n\n\n<p>(24) 3302-3422<\/p>\n\n\n\n<p>Restaurante: ter\u00e7a a sexta: 17h \u00e0s 0h \/ s\u00e1bado e domingo: 12h \u00e0s 0h<\/p>\n\n\n\n<p>Delivery: ter\u00e7a a sexta: 17h \u00e0s 23h \/ s\u00e1bado e domingo: 12h \u00e0s 23h<\/p>\n\n\n\n<p><strong>PIZZA DOC<\/strong><\/p>\n\n\n\n<p>Rua Jo\u00e3o D`Escragnolle, 136<\/p>\n\n\n\n<p>(24) 2243-0130 \/ WhatsApp: (24) 98865-3174<\/p>\n\n\n\n<p>Restaurante e delivery:<\/p>\n\n\n\n<p>Todos os dias: das 18h \u00e0s 23h<\/p>\n\n\n\n<figure class=\"wp-block-image size-large\"><img loading=\"lazy\" decoding=\"async\" width=\"1024\" height=\"682\" src=\"https:\/\/tvc16.com\/portal\/wp-content\/uploads\/2020\/11\/IMG-20201101-WA0185-1024x682.jpg\" alt=\"\" class=\"wp-image-4642\" srcset=\"https:\/\/tvc16.com\/portal\/wp-content\/uploads\/2020\/11\/IMG-20201101-WA0185-1024x682.jpg 1024w, https:\/\/tvc16.com\/portal\/wp-content\/uploads\/2020\/11\/IMG-20201101-WA0185-300x200.jpg 300w, https:\/\/tvc16.com\/portal\/wp-content\/uploads\/2020\/11\/IMG-20201101-WA0185-768x512.jpg 768w, https:\/\/tvc16.com\/portal\/wp-content\/uploads\/2020\/11\/IMG-20201101-WA0185-900x600.jpg 900w, https:\/\/tvc16.com\/portal\/wp-content\/uploads\/2020\/11\/IMG-20201101-WA0185.jpg 1280w\" sizes=\"auto, (max-width: 1024px) 100vw, 1024px\" \/><\/figure>\n\n\n\n<p><strong>TRATTORIA S`A CAROLA<\/strong><\/p>\n\n\n\n<p>Rua Gon\u00e7alves Dias, 414<\/p>\n\n\n\n<p>(24) 2237-9562 \/ WhatsApp: (24) 98857-0986<\/p>\n\n\n\n<p>Restaurante e Delivery:<\/p>\n\n\n\n<p>Quinta-feira a s\u00e1bado: das 12h \u00e0s 23h \/ Domingo e feriado: das 12h \u00e0s 17h.<\/p>\n\n\n\n<p><strong>WILLEMSEN CONFEITARIA<\/strong><\/p>\n\n\n\n<p>Rua Visconde do Uruguai, 71<\/p>\n\n\n\n<p>(24) 2243-9439 \/ 2237-4575 \/ WhatsApp: (24) 99965-9738<\/p>\n\n\n\n<p>Confeitaria:<\/p>\n\n\n\n<p>Ter\u00e7a a quinta: 10h30 \u00e0s 19h \/ sexta e s\u00e1bado: 10h \u00e0s 19h30 \/ domingo e feriado: 10h \u00e0s 18h<\/p>\n\n\n\n<figure class=\"wp-block-image size-large\"><img loading=\"lazy\" decoding=\"async\" width=\"1024\" height=\"682\" src=\"https:\/\/tvc16.com\/portal\/wp-content\/uploads\/2020\/11\/IMG-20201101-WA0184-1024x682.jpg\" alt=\"\" class=\"wp-image-4640\" srcset=\"https:\/\/tvc16.com\/portal\/wp-content\/uploads\/2020\/11\/IMG-20201101-WA0184-1024x682.jpg 1024w, https:\/\/tvc16.com\/portal\/wp-content\/uploads\/2020\/11\/IMG-20201101-WA0184-300x200.jpg 300w, https:\/\/tvc16.com\/portal\/wp-content\/uploads\/2020\/11\/IMG-20201101-WA0184-768x512.jpg 768w, https:\/\/tvc16.com\/portal\/wp-content\/uploads\/2020\/11\/IMG-20201101-WA0184-900x600.jpg 900w, https:\/\/tvc16.com\/portal\/wp-content\/uploads\/2020\/11\/IMG-20201101-WA0184.jpg 1280w\" sizes=\"auto, (max-width: 1024px) 100vw, 1024px\" \/><\/figure>\n\n\n\n<p>Delivery:<\/p>\n\n\n\n<p>Ter\u00e7a a s\u00e1bado: 10h \u00e0s 17h \/ domingo: 10h \u00e0s 15h<\/p>\n","protected":false},"excerpt":{"rendered":"<p>Este ano, o festival trouxe novidades que agradou a muita gente. As del\u00edcias gastron\u00f4micas oferecidas<\/p>\n","protected":false},"author":2,"featured_media":4644,"comment_status":"open","ping_status":"open","sticky":false,"template":"","format":"standard","meta":{"footnotes":""},"categories":[12],"tags":[],"class_list":["post-4553","post","type-post","status-publish","format-standard","has-post-thumbnail","hentry","category-cidade"],"_links":{"self":[{"href":"https:\/\/tvc16.com\/portal\/wp-json\/wp\/v2\/posts\/4553","targetHints":{"allow":["GET"]}}],"collection":[{"href":"https:\/\/tvc16.com\/portal\/wp-json\/wp\/v2\/posts"}],"about":[{"href":"https:\/\/tvc16.com\/portal\/wp-json\/wp\/v2\/types\/post"}],"author":[{"embeddable":true,"href":"https:\/\/tvc16.com\/portal\/wp-json\/wp\/v2\/users\/2"}],"replies":[{"embeddable":true,"href":"https:\/\/tvc16.com\/portal\/wp-json\/wp\/v2\/comments?post=4553"}],"version-history":[{"count":4,"href":"https:\/\/tvc16.com\/portal\/wp-json\/wp\/v2\/posts\/4553\/revisions"}],"predecessor-version":[{"id":4645,"href":"https:\/\/tvc16.com\/portal\/wp-json\/wp\/v2\/posts\/4553\/revisions\/4645"}],"wp:featuredmedia":[{"embeddable":true,"href":"https:\/\/tvc16.com\/portal\/wp-json\/wp\/v2\/media\/4644"}],"wp:attachment":[{"href":"https:\/\/tvc16.com\/portal\/wp-json\/wp\/v2\/media?parent=4553"}],"wp:term":[{"taxonomy":"category","embeddable":true,"href":"https:\/\/tvc16.com\/portal\/wp-json\/wp\/v2\/categories?post=4553"},{"taxonomy":"post_tag","embeddable":true,"href":"https:\/\/tvc16.com\/portal\/wp-json\/wp\/v2\/tags?post=4553"}],"curies":[{"name":"wp","href":"https:\/\/api.w.org\/{rel}","templated":true}]}}