{"id":4561,"date":"2020-11-01T15:39:17","date_gmt":"2020-11-01T15:39:17","guid":{"rendered":"https:\/\/tvc16.com\/portal\/?p=4561"},"modified":"2020-11-01T15:39:59","modified_gmt":"2020-11-01T15:39:59","slug":"finados-durante-a-pandemia-exige-protocolo-sanitario-nas-visitas-aos-cemiterios","status":"publish","type":"post","link":"https:\/\/tvc16.com\/portal\/2020\/11\/01\/finados-durante-a-pandemia-exige-protocolo-sanitario-nas-visitas-aos-cemiterios\/","title":{"rendered":"Finados, durante a pandemia, exige protocolo sanit\u00e1rio nas visitas aos cemit\u00e9rios"},"content":{"rendered":"\n<p>Confira no site da diocese de Petr\u00f3polis, os hor\u00e1rios das missas<\/p>\n\n\n\n<p>www.diocesepetropolis.org.br<\/p>\n\n\n\n<p>Quem tem a tradi\u00e7\u00e3o de visitar seus entes queridos no feriado de finados, vai encontrar alguns cemit\u00e9rios fechados, mas em Petr\u00f3polis, na Regi\u00e3o Serrana do Rio, os port\u00f5es estar\u00e3o abertos e o hor\u00e1rio de visita aos cemit\u00e9rios municipais ser\u00e1 das 07h as 18h. J\u00e1 o de atendimento ao p\u00fablico ser\u00e1 das 08h \u00e0s 18h. O funcionamento ser\u00e1 feito de acordo com o protocolo e respeito aos procedimentos de higieniza\u00e7\u00e3o, uso de m\u00e1scaras e distanciamento social. Todas as missas, por conta da pandemia, ser\u00e3o realizadas nas igrejas cat\u00f3licas, seguindo as regras das notas t\u00e9cnicas vigentes.\u00a0<\/p>\n\n\n\n<figure class=\"wp-block-image size-large\"><img loading=\"lazy\" decoding=\"async\" width=\"1024\" height=\"768\" src=\"https:\/\/tvc16.com\/portal\/wp-content\/uploads\/2020\/11\/IMG-20201031-WA0108-1024x768.jpg\" alt=\"\" class=\"wp-image-4564\" srcset=\"https:\/\/tvc16.com\/portal\/wp-content\/uploads\/2020\/11\/IMG-20201031-WA0108-1024x768.jpg 1024w, https:\/\/tvc16.com\/portal\/wp-content\/uploads\/2020\/11\/IMG-20201031-WA0108-300x225.jpg 300w, https:\/\/tvc16.com\/portal\/wp-content\/uploads\/2020\/11\/IMG-20201031-WA0108-768x576.jpg 768w, https:\/\/tvc16.com\/portal\/wp-content\/uploads\/2020\/11\/IMG-20201031-WA0108-200x150.jpg 200w, https:\/\/tvc16.com\/portal\/wp-content\/uploads\/2020\/11\/IMG-20201031-WA0108.jpg 1040w\" sizes=\"auto, (max-width: 1024px) 100vw, 1024px\" \/><\/figure>\n\n\n\n<figure class=\"wp-block-image size-large\"><img loading=\"lazy\" decoding=\"async\" width=\"1024\" height=\"576\" src=\"https:\/\/tvc16.com\/portal\/wp-content\/uploads\/2020\/11\/IMG-20201028-WA0134-1024x576.jpg\" alt=\"\" class=\"wp-image-4562\" srcset=\"https:\/\/tvc16.com\/portal\/wp-content\/uploads\/2020\/11\/IMG-20201028-WA0134-1024x576.jpg 1024w, https:\/\/tvc16.com\/portal\/wp-content\/uploads\/2020\/11\/IMG-20201028-WA0134-300x169.jpg 300w, https:\/\/tvc16.com\/portal\/wp-content\/uploads\/2020\/11\/IMG-20201028-WA0134-768x432.jpg 768w, https:\/\/tvc16.com\/portal\/wp-content\/uploads\/2020\/11\/IMG-20201028-WA0134.jpg 1280w\" sizes=\"auto, (max-width: 1024px) 100vw, 1024px\" \/><\/figure>\n","protected":false},"excerpt":{"rendered":"<p>Confira no site da diocese de Petr\u00f3polis, os hor\u00e1rios das missas www.diocesepetropolis.org.br Quem tem a<\/p>\n","protected":false},"author":2,"featured_media":4563,"comment_status":"open","ping_status":"open","sticky":false,"template":"","format":"standard","meta":{"footnotes":""},"categories":[12,1],"tags":[],"class_list":["post-4561","post","type-post","status-publish","format-standard","has-post-thumbnail","hentry","category-cidade","category-uncategorized"],"_links":{"self":[{"href":"https:\/\/tvc16.com\/portal\/wp-json\/wp\/v2\/posts\/4561","targetHints":{"allow":["GET"]}}],"collection":[{"href":"https:\/\/tvc16.com\/portal\/wp-json\/wp\/v2\/posts"}],"about":[{"href":"https:\/\/tvc16.com\/portal\/wp-json\/wp\/v2\/types\/post"}],"author":[{"embeddable":true,"href":"https:\/\/tvc16.com\/portal\/wp-json\/wp\/v2\/users\/2"}],"replies":[{"embeddable":true,"href":"https:\/\/tvc16.com\/portal\/wp-json\/wp\/v2\/comments?post=4561"}],"version-history":[{"count":1,"href":"https:\/\/tvc16.com\/portal\/wp-json\/wp\/v2\/posts\/4561\/revisions"}],"predecessor-version":[{"id":4565,"href":"https:\/\/tvc16.com\/portal\/wp-json\/wp\/v2\/posts\/4561\/revisions\/4565"}],"wp:featuredmedia":[{"embeddable":true,"href":"https:\/\/tvc16.com\/portal\/wp-json\/wp\/v2\/media\/4563"}],"wp:attachment":[{"href":"https:\/\/tvc16.com\/portal\/wp-json\/wp\/v2\/media?parent=4561"}],"wp:term":[{"taxonomy":"category","embeddable":true,"href":"https:\/\/tvc16.com\/portal\/wp-json\/wp\/v2\/categories?post=4561"},{"taxonomy":"post_tag","embeddable":true,"href":"https:\/\/tvc16.com\/portal\/wp-json\/wp\/v2\/tags?post=4561"}],"curies":[{"name":"wp","href":"https:\/\/api.w.org\/{rel}","templated":true}]}}