{"id":4569,"date":"2020-11-01T15:46:21","date_gmt":"2020-11-01T15:46:21","guid":{"rendered":"https:\/\/tvc16.com\/portal\/?p=4569"},"modified":"2020-11-01T15:46:21","modified_gmt":"2020-11-01T15:46:21","slug":"a-partir-de-hoje-radar-fixo-ou-portatil-nao-poderao-ficar-escondidos","status":"publish","type":"post","link":"https:\/\/tvc16.com\/portal\/2020\/11\/01\/a-partir-de-hoje-radar-fixo-ou-portatil-nao-poderao-ficar-escondidos\/","title":{"rendered":"A partir de hoje, radar fixo ou port\u00e1til n\u00e3o poder\u00e3o ficar escondidos"},"content":{"rendered":"\n<h3 class=\"wp-block-heading\">Entrou em vigor resolu\u00e7\u00e3o do Conatran com novas regras para os radares<\/h3>\n\n\n\n<h4 class=\"wp-block-heading\">Por Ag\u00eancia Brasil &#8211; Bras\u00edlia<\/h4>\n\n\n\n<p>A partir de hoje (1\u00ba), radares fixos ou port\u00e1teis dever\u00e3o ser precedidos de sinaliza\u00e7\u00e3o e n\u00e3o podem ficar escondidos nas vias. A&nbsp;<a href=\"https:\/\/www.in.gov.br\/en\/web\/dou\/-\/resolucao-n-798-de-2-de-setembro-de-2020-276446814\" target=\"_blank\" rel=\"noreferrer noopener\">Resolu\u00e7\u00e3o n\u00ba 798<\/a>, publicada em setembro pelo Conselho Nacional de Tr\u00e2nsito (Contran), entrou em vigor.<img decoding=\"async\" src=\"https:\/\/agenciabrasil.ebc.com.br\/ebc.png?id=1392010&amp;o=node\"><img decoding=\"async\" src=\"https:\/\/agenciabrasil.ebc.com.br\/ebc.gif?id=1392010&amp;o=node\"><\/p>\n\n\n\n<p>Com a resolu\u00e7\u00e3o, o Contran, \u00f3rg\u00e3o vinculado ao Minist\u00e9rio da Infraestrutura, pretende privilegiar o car\u00e1ter educativo, em vez do meramente punitivo, em suas fiscaliza\u00e7\u00f5es ostensivas no tr\u00e2nsito.<\/p>\n\n\n\n<p>A Resolu\u00e7\u00e3o 798 apresenta regras e crit\u00e9rios t\u00e9cnicos para instala\u00e7\u00e3o e uso de radares fixos ou port\u00e1teis, de forma a evitar que sejam instalados em locais pouco vis\u00edveis. A norma determina que os locais em que houver fiscaliza\u00e7\u00e3o de excesso de velocidade por meio de medidores do tipo fixo sejam precedidos de sinaliza\u00e7\u00e3o, de forma a garantir a seguran\u00e7a vi\u00e1ria e informar, aos condutores, a velocidade m\u00e1xima permitida para o local.<\/p>\n\n\n\n<p>Entre as mudan\u00e7as implementadas est\u00e3o tamb\u00e9m a proibi\u00e7\u00e3o do uso de equipamentos sem dispositivo registrador de imagem; a restri\u00e7\u00e3o do uso do radar do tipo fixo redutor em trechos cr\u00edticos e de vulnerabilidade de usu\u00e1rios da via, especialmente, pedestres, ciclistas e ve\u00edculos n\u00e3o motorizados; e a publica\u00e7\u00e3o da rela\u00e7\u00e3o dos trechos e locais aptos a serem fiscalizados nos sites da autoridade de tr\u00e2nsito com circunscri\u00e7\u00e3o sobre a via.<\/p>\n\n\n\n<p>Edi\u00e7\u00e3o: Val\u00e9ria Aguiar<\/p>\n","protected":false},"excerpt":{"rendered":"<p>Entrou em vigor resolu\u00e7\u00e3o do Conatran com novas regras para os radares Por Ag\u00eancia Brasil<\/p>\n","protected":false},"author":2,"featured_media":4570,"comment_status":"open","ping_status":"open","sticky":false,"template":"","format":"standard","meta":{"footnotes":""},"categories":[14],"tags":[],"class_list":["post-4569","post","type-post","status-publish","format-standard","has-post-thumbnail","hentry","category-pais"],"_links":{"self":[{"href":"https:\/\/tvc16.com\/portal\/wp-json\/wp\/v2\/posts\/4569","targetHints":{"allow":["GET"]}}],"collection":[{"href":"https:\/\/tvc16.com\/portal\/wp-json\/wp\/v2\/posts"}],"about":[{"href":"https:\/\/tvc16.com\/portal\/wp-json\/wp\/v2\/types\/post"}],"author":[{"embeddable":true,"href":"https:\/\/tvc16.com\/portal\/wp-json\/wp\/v2\/users\/2"}],"replies":[{"embeddable":true,"href":"https:\/\/tvc16.com\/portal\/wp-json\/wp\/v2\/comments?post=4569"}],"version-history":[{"count":1,"href":"https:\/\/tvc16.com\/portal\/wp-json\/wp\/v2\/posts\/4569\/revisions"}],"predecessor-version":[{"id":4571,"href":"https:\/\/tvc16.com\/portal\/wp-json\/wp\/v2\/posts\/4569\/revisions\/4571"}],"wp:featuredmedia":[{"embeddable":true,"href":"https:\/\/tvc16.com\/portal\/wp-json\/wp\/v2\/media\/4570"}],"wp:attachment":[{"href":"https:\/\/tvc16.com\/portal\/wp-json\/wp\/v2\/media?parent=4569"}],"wp:term":[{"taxonomy":"category","embeddable":true,"href":"https:\/\/tvc16.com\/portal\/wp-json\/wp\/v2\/categories?post=4569"},{"taxonomy":"post_tag","embeddable":true,"href":"https:\/\/tvc16.com\/portal\/wp-json\/wp\/v2\/tags?post=4569"}],"curies":[{"name":"wp","href":"https:\/\/api.w.org\/{rel}","templated":true}]}}