{"id":4572,"date":"2020-11-01T15:48:38","date_gmt":"2020-11-01T15:48:38","guid":{"rendered":"https:\/\/tvc16.com\/portal\/?p=4572"},"modified":"2020-11-01T15:48:38","modified_gmt":"2020-11-01T15:48:38","slug":"dia-da-consciencia-negra-e-morte-de-cartola-marcam-mes-de-novembro","status":"publish","type":"post","link":"https:\/\/tvc16.com\/portal\/2020\/11\/01\/dia-da-consciencia-negra-e-morte-de-cartola-marcam-mes-de-novembro\/","title":{"rendered":"Dia da Consci\u00eancia Negra e morte de Cartola marcam m\u00eas de novembro"},"content":{"rendered":"\n<h3 class=\"wp-block-heading\">Veja alguns fatos hist\u00f3ricos e celebra\u00e7\u00f5es do pen\u00faltimo m\u00eas do ano<\/h3>\n\n\n\n<h4 class=\"wp-block-heading\">Por Edgard Matsuki &#8211; Rep\u00f3rter da Ag\u00eancia Brasil &#8211; Bras\u00edlia<\/h4>\n\n\n\n<p>Novembro \u00e9 um dos raros meses do ano com dois feriados nacionais: Dia de Finados, celebrado amanh\u00e3 (2), e Proclama\u00e7\u00e3o de Rep\u00fablica, no dia 15. Em algumas cidades brasileiras, o dia 20 de novembro tamb\u00e9m \u00e9 feriado. A data \u00e9 marcada pelo Dia da Consci\u00eancia Negra, uma homenagem a&nbsp;Zumbi dos Palmares. Neste dia, em 1695 (h\u00e1 325 anos), Zumbi, um dos \u00faltimos l\u00edderes do Quilombo dos Palmares, foi morto por bandeirantes.<img decoding=\"async\" src=\"https:\/\/agenciabrasil.ebc.com.br\/ebc.png?id=1389465&amp;o=node\"><img decoding=\"async\" src=\"https:\/\/agenciabrasil.ebc.com.br\/ebc.gif?id=1389465&amp;o=node\"><\/p>\n\n\n\n<p><a href=\"https:\/\/agenciabrasil.ebc.com.br\/geral\/noticia\/%20dia-da-consciencia-negra-e-morte-de-cartola-marcam-novembro#tabela\">Acesse a tabela com as datas de novembro<\/a>&nbsp;(Fonte: Acervo da&nbsp;<strong>EBC)<\/strong><\/p>\n\n\n\n<p>O pen\u00faltimo m\u00eas do ano&nbsp;tamb\u00e9m \u00e9 marcado pela campanha&nbsp;Novembro Azul, de conscientiza\u00e7\u00e3o para preven\u00e7\u00e3o do c\u00e2ncer de pr\u00f3stata e que existe desde 2003. O dia 17 de novembro \u00e9 o Dia Mundial de Combate ao C\u00e2ncer de Pr\u00f3stata.<\/p>\n\n\n\n<p>No dia 16, a Organiza\u00e7\u00e3o das Na\u00e7\u00f5es Unidas para a Educa\u00e7\u00e3o, a Ci\u00eancia e a Cultura (Unesco) completa 75 anos. No \u00e2mbito cultural, a morte do sambista Cartola completa 40 anos no dia 30 e o Dia do Mundial do Hip Hop \u00e9 celebrado no dia 12.<\/p>\n\n\n\n<p>J\u00e1 no campo da astronomia, o dia 27 marca os 35 anos da \u00faltima passagem do Cometa Halley pela Terra. As datas s\u00e3o alguns dos 84 fatos hist\u00f3ricos, datas comemorativas e feriados selecionados pelo Projeto Efem\u00e9rides, da&nbsp;<strong>Empresa Brasil de Comunica\u00e7\u00e3o (EBC)<\/strong>.<\/p>\n\n\n\n<p>O Projeto Efem\u00e9rides traz temas relacionados \u00e0 hist\u00f3ria, personalidades, cultura, ci\u00eancia, etc., sempre ressaltando as datas nacionais e regionais. Ele foi criado com o objetivo de oferecer mais um servi\u00e7o para as \u00e1reas produtoras de conte\u00fado por meio de sugest\u00f5es de pautas para mat\u00e9rias jornal\u00edsticas. A equipe da Ger\u00eancia de Acervo atende aos pedidos de pesquisa: basta enviar um e-mail para&nbsp;<a href=\"mailto:centraldepesquisas@ebc.com.br?subject=Contato%20para%20pesquisa%20no%20Acervo&amp;body=Boa%20tarde%2C%20li%20a%20mat%C3%A9ria%20sobre%20efem%C3%A9rides%20de%20novembro%20de%202020%20no%20site%20da%20%20Ag%C3%AAncia%20Brasil%20e%20gostaria%20de%20consult%C3%A1-los%20sobre%20os%20seguintes%20conte%C3%BAdos%3A\">centraldepesquisas@ebc.com.br<\/a>.<\/p>\n\n\n\n<h2 class=\"wp-block-heading\">Lista de fatos hist\u00f3ricos e feriados de novembro de 2020<\/h2>\n\n\n\n<p>Novembro1<\/p>\n\n\n\n<p>Come\u00e7a a Guerra do Vietn\u00e3 (65 anos)<\/p>\n\n\n\n<p>Terremoto em Lisboa, que matou entre 15.000 e 20.000 pessoas (265 anos) &#8211; dentre v\u00e1rias perdas humanas e materiais, a Biblioteca Real foi destru\u00edda com mais de 70 mil volumes de itens l\u00e1 armazenados<\/p>\n\n\n\n<p>Dia Mundial Vegano &#8211; comemora\u00e7\u00e3o internacional que tem sido festejada desde 1994 e que foi institu\u00edda durante a celebra\u00e7\u00e3o do 50\u00ba anivers\u00e1rio da Sociedade Vegana do Reino Unido2<\/p>\n\n\n\n<p>Dia Internacional pelo Fim da Impunidade dos Crimes contra Jornalistas &#8211; data reconhecida pela ONU<\/p>\n\n\n\n<p>Dia de Finados &#8211; comemora\u00e7\u00e3o de seguidores da Igreja Cat\u00f3lica Apost\u00f3lica Romana e crist\u00e3os de outras tradi\u00e7\u00f5es. A data tamb\u00e9m \u00e9 conhecida como Dia dos Mortos; \u00e9 celebrada com feriado no Brasil de acordo com a Lei n\u00ba 10.607, de 19 de dezembro de 20023<\/p>\n\n\n\n<p>Get\u00falio Vargas inicia o governo provis\u00f3rio no Brasil (90 anos)<\/p>\n\n\n\n<p>Dia Internacional da Reserva da Biosfera &#8211; comemora\u00e7\u00e3o institu\u00edda pela Unesco para ser festejada no m\u00eas do anivers\u00e1rio do lan\u00e7amento do programa Homem e a Biosfera, que veio a p\u00fablico entre 9 e 19 de novembro de 1971, e que est\u00e1 relacionado com a Rede Mundial de Reservas da Biosfera4<\/p>\n\n\n\n<p>Falecimento do primeiro-ministro de Israel Yitzhak Rabin (25 anos)<\/p>\n\n\n\n<p>Dia das Favelas &#8211; comemora\u00e7\u00e3o de membros da Central \u00danica das Favelas com eventos em v\u00e1rias localidades do Brasil, que est\u00e1 oficializada nas cidades do Rio de Janeiro e S\u00e3o Paulo; tem por fim marcar a data de uma carta de 4 de novembro de 1900, que foi escrita por um delegado da 10\u00aa Circunscri\u00e7\u00e3o do Rio de Janeiro para o ent\u00e3o chefe da Pol\u00edcia, En\u00e9as Galv\u00e3o, sobre a favela do Morro da Provid\u00eancia, e que \u00e9 tida como a primeira&nbsp;refer\u00eancia documentada da hist\u00f3ria brasileira sobre favelas5<\/p>\n\n\n\n<p>Nascimento do dramaturgo e diplomata fluminense Martins Pena (205 anos)<\/p>\n\n\n\n<p>Rompimento de barragem em Bento Rodrigues, subdistrito do munic\u00edpio de Mariana, em Minas Gerais, deixando 18 mortos (5 anos)<\/p>\n\n\n\n<p>Dia da Cultura e da Ci\u00eancia &#8211; comemora\u00e7\u00e3o do Brasil, que foi criada pela Lei n\u00ba 5.579, de 19 de maio de 1970, e que tamb\u00e9m \u00e9 conhecida como Dia Nacional da Ci\u00eancia e Cultura Brasileira<\/p>\n\n\n\n<p>Dia Nacional da L\u00edngua Portuguesa &#8211; comemora\u00e7\u00e3o que foi estabelecida pela Lei n\u00ba 11.310, de 12 de junho de 2006<\/p>\n\n\n\n<p>Dia Mundial da Conscientiza\u00e7\u00e3o sobre Tsunamis &#8211; data reconhecida pela ONU<\/p>\n\n\n\n<p>Dia Nacional do Design &#8211; comemora\u00e7\u00e3o institu\u00edda pelo decreto de 19 de outubro de 1998<\/p>\n\n\n\n<p>Primeira transmiss\u00e3o da TV Educativa (TVE) (45 anos6<\/p>\n\n\n\n<p>Morte do cantor, m\u00fasico e sapateador ga\u00facho Edgard de Almeida Negr\u00e3o de Lima, o Bob Lester (5 anos)<\/p>\n\n\n\n<p>Dia Internacional para a Preven\u00e7\u00e3o da Explora\u00e7\u00e3o do Meio Ambiente em Tempos de Guerra e Conflito Armado &#8211; comemora\u00e7\u00e3o institu\u00edda pela ONU na Resolu\u00e7\u00e3o 56\/4, de 5 de novembro de 20017<\/p>\n\n\n\n<p>Cria\u00e7\u00e3o da Companhia Docas do Estado de S\u00e3o Paulo (CODESP), autoridade portu\u00e1ria de Santos (40 anos)8<\/p>\n\n\n\n<p>Nascimento do cardeal e arcebispo cat\u00f3lico fluminense Eug\u00eanio de Ara\u00fajo Sales (100 anos)<\/p>\n\n\n\n<p>Dia Mundial do Radiologista &#8211; comemora\u00e7\u00e3o internacional, que atualmente est\u00e1 oficializada como Dia Nacional do M\u00e9dico Radiologista no Brasil; tem por fim marcar a data da descoberta dos raios-x, que foi feita em 8 de novembro de 1895, pelo cientista alem\u00e3o Wilhelm Conrad R\u00f6ntgen<\/p>\n\n\n\n<p>Dia Mundial do Urbanismo &#8211; comemora\u00e7\u00e3o internacional, que mais tarde foi oficializada no Brasil como Dia Nacional do Urbanismo; criada no Congresso de Besan\u00e7on de 1935, na Fran\u00e7a9<\/p>\n\n\n\n<p>Dia do Inventor10<\/p>\n\n\n\n<p>Dia Mundial da Ci\u00eancia pela Paz e pelo Desenvolvimento &#8211; comemora\u00e7\u00e3o institu\u00edda em 2001 pela Unesco, que \u00e9 celebrada no Brasil, com a realiza\u00e7\u00e3o anual de um concurso de trabalhos escritos e de desenhos&nbsp;para estudantes, al\u00e9m de atividades voltadas para autoridades, pesquisadores, cientistas, professores e demais interessados11<\/p>\n\n\n\n<p>O ent\u00e3o primeiro presidente de Angola, Agostinho Neto, proclamou a independ\u00eancia de Angola, de jure e de facto de Portugal (45 anos)<\/p>\n\n\n\n<p>Cria\u00e7\u00e3o da Academia Campineira de Letras e Artes, na cidade de Campinas (SP) (50 anos)12<\/p>\n\n\n\n<p>Nascimento do compositor e instrumentista matogrossense Levino da Concei\u00e7\u00e3o (125 anos)<\/p>\n\n\n\n<p>Nascimento do escultor franc\u00eas Auguste Rodin (180 anos)<\/p>\n\n\n\n<p>Dia Mundial do Hip Hop &#8211; comemorado para marcar a data da cria\u00e7\u00e3o da Na\u00e7\u00e3o Zulu, ocorrida em 12 de novembro de 1973, no bairro novaiorquino do Bronx, nos Estados Unidos da Am\u00e9rica, que \u00e9 tida como a primeira organiza\u00e7\u00e3o a oficialmente incluir o hip hop em seus interesses, ao trabalhar para converter a viol\u00eancia dos sub\u00farbios em jogos art\u00edsticos13<\/p>\n\n\n\n<p>Dia Mundial da Gentileza &#8211; celebrado na Austr\u00e1lia, Brasil, Canad\u00e1, Emirados \u00c1rabes Unidos, It\u00e1lia, \u00cdndia, Jap\u00e3o, Nig\u00e9ria e Reino Unido, entre outros, para marcar a data da abertura da 1\u00aa Confer\u00eancia Mundial do Movimento da Bondade, ocorrida na cidade japonesa de T\u00f3quio em 1998, e do anivers\u00e1rio do Movimento Mundial da Gentileza, que surgiu em 1996 num pequeno encontro no Jap\u00e3o<\/p>\n\n\n\n<p>Funda\u00e7\u00e3o de Cabo Frio (405 anos) &#8211; cidade se consolidou como um influente polo tur\u00edstico14<\/p>\n\n\n\n<p>Nascimento do pintor impressionista franc\u00eas Claude Monet (180 anos)<\/p>\n\n\n\n<p>Dia do Bandeirante<\/p>\n\n\n\n<p>Dia Mundial do Diabetes &#8211; o dia foi escolhido por marcar o anivers\u00e1rio de Frederick Banting que, junto com Charles Best, concebeu a ideia que levou \u00e0 descoberta da insulina em 192115<\/p>\n\n\n\n<p>Morte do astr\u00f4nomo, astr\u00f3logo e matem\u00e1tico alem\u00e3o Johannes Kepler (390 anos) &#8211; considerado figura-chave da revolu\u00e7\u00e3o cient\u00edfica do s\u00e9culo XVII, \u00e9 todavia c\u00e9lebre por ter formulado as tr\u00eas leis fundamentais da mec\u00e2nica celeste, denominadas por Leis de Kepler<\/p>\n\n\n\n<p>Dia da Proclama\u00e7\u00e3o da Rep\u00fablica &#8211; comemorado por brasileiros, conforme Lei n\u00ba 662, de 6 de abril de 1949, ratificada pela Lei n\u00ba 10.607, de 19 de dezembro de 2002, para marcar a data da promulga\u00e7\u00e3o do Decreto 1 de 15 de novembro de 1889, que foi assinado pelo ent\u00e3o Marechal Deodoro da Fonseca<\/p>\n\n\n\n<p>Dia Nacional da Umbanda &#8211; comemora\u00e7\u00e3o institu\u00edda pela Lei n\u00ba 12.644, de 16 de maio de 2012, e que inicialmente foi institu\u00edda pelo Conselho Nacional Deliberativo da Umbanda; tem por fim marcar a data da primeira&nbsp;manifesta\u00e7\u00e3o do Caboclo das Sete Encruzilhadas , que se incorporou em 15 de novembro de 1908 no ent\u00e3o jovem m\u00e9dium brasileiro, Z\u00e9lio Fernandino de Moraes<\/p>\n\n\n\n<p>Tem in\u00edcio a 1\u00aa Semana do Cinema Brasileiro, primeira edi\u00e7\u00e3o do Festival de Bras\u00edlia do Cinema Brasileiro (55 anos)16<\/p>\n\n\n\n<p>Cria\u00e7\u00e3o da Organiza\u00e7\u00e3o das Na\u00e7\u00f5es Unidas para a Educa\u00e7\u00e3o, a Ci\u00eancia e a Cultura (Unesco) (75 anos)<\/p>\n\n\n\n<p>Dia Internacional para a Toler\u00e2ncia &#8211; comemora\u00e7\u00e3o internacional que foi institu\u00edda pela ONU na sua resolu\u00e7\u00e3o A\/RES 51\/95, de 12 de dezembro de 1996; tem por fim marcar a data da constitui\u00e7\u00e3o da Unesco, que se deu em 16 de novembro de 1945, e a data da proclama\u00e7\u00e3o da Declara\u00e7\u00e3o de Princ\u00edpios Sobre a Toler\u00e2ncia, que foi assinada por 185 pa\u00edses na cidade de Paris com a inten\u00e7\u00e3o de poupar sucessivas gera\u00e7\u00f5es das guerras por quest\u00f5es culturais, a partir da pr\u00e1tica da toler\u00e2ncia e da conviv\u00eancia pac\u00edfica entre os povos vizinhos<\/p>\n\n\n\n<p>Dia Internacional do Patrim\u00f4nio Mundial &#8211; comemora\u00e7\u00e3o internacional, que tem sido promovida pela Unesco; tem por fim marcar a data da ado\u00e7\u00e3o da Conven\u00e7\u00e3o de Paris, a partir da qual foram assentadas as bases da prote\u00e7\u00e3o do patrim\u00f4nio cultural e natural da humanidade<\/p>\n\n\n\n<p>Dia Nacional da Amaz\u00f4nia Azul &#8211; comemora\u00e7\u00e3o no Brasil, que foi institu\u00edda pela Lei N\u00ba 13.187, de 11 de novembro de 2015.; tem por fim marcar a data da entrada em vigor da Conven\u00e7\u00e3o das Na\u00e7\u00f5es Unidas sobre o Direito do Mar, que consagra os conceitos de mar territorial, zona econ\u00f4mica exclusiva e plataforma continental, viabilizando a delimita\u00e7\u00e3o dos espa\u00e7os mar\u00edtimos sob a jurisdi\u00e7\u00e3o brasileira, os quais totalizar\u00e3o aproximadamente 4,5 milh\u00f5es de km\u00b2 \u00e1rea que a Marinha do Brasil convencionou chamar de Amaz\u00f4nia Azul<\/p>\n\n\n\n<p>Dia Mundial em Mem\u00f3ria das V\u00edtimas de Tr\u00e2nsito &#8211; comemora\u00e7\u00e3o m\u00f3vel (3\u00ba domingo de novembro) reconhecida pela ONU<\/p>\n\n\n\n<p>\u00c9 realizada a primeira edi\u00e7\u00e3o da Feira do Livro de Porto Alegre (65 anos)17<\/p>\n\n\n\n<p>Nascimento da escritora cearense Rachel de Queiroz (110 anos)18<\/p>\n\n\n\n<p>Funda\u00e7\u00e3o da Ordem dos Advogados do Brasil (90 anos)<\/p>\n\n\n\n<p>Dia Nacional do Conselheiro Tutelar &#8211; comemora\u00e7\u00e3o institu\u00edda pela Lei N\u00ba 11.622, de 19 de dezembro de 2007; tem por fim, marcar a data do 1\u00ba Congresso Nacional de Conselheiros Tutelares do Brasil. Conselheiro tutelar \u00e9 um dos cinco membros eleitos pela comunidade de cada um dos munic\u00edpios e de cada uma das regi\u00f5es administrativas do Distrito Federal do Brasil para o respectivo Conselho Tutelar, um \u00f3rg\u00e3o integrante da administra\u00e7\u00e3o p\u00fablica local previsto em Lei Federal, para acompanhar as crian\u00e7as e adolescentes e decidir em conjunto sobre qual medida de prote\u00e7\u00e3o para cada caso19<\/p>\n\n\n\n<p>Dia da Bandeira &#8211; comemora\u00e7\u00e3o da institui\u00e7\u00e3o da bandeira nacional republicana, no ano de 1889<\/p>\n\n\n\n<p>Dia Mundial do Banheiro &#8211; comemora\u00e7\u00e3o promovida desde 2001 pela Organiza\u00e7\u00e3o Mundial de Banheiros objetivando melhorar a higiene e os servi\u00e7os de saneamento no mundo, al\u00e9m de conscientizar sobre a import\u00e2ncia das condi\u00e7\u00f5es sanit\u00e1rias na qualidade de vida das pessoas, que est\u00e1 ratificada pela 92\u00aa sess\u00e3o da Assembleia Geral da ONU<\/p>\n\n\n\n<p>Dia Nacional do Cordelista &#8211; marca a data de nascimento de Leandro Gomes de Barros, poeta de literatura de cordel<\/p>\n\n\n\n<p>Dia Internacional da Filosofia &#8211; comemora\u00e7\u00e3o m\u00f3vel (3\u00aa quinta-feira de novembro) institu\u00edda desde 2002 pela UNESCO20<\/p>\n\n\n\n<p>Morte do militar, chefe de Estado e ditador espanhol Francisco Franco (45 anos)<\/p>\n\n\n\n<p>Morte do escritor russo Liev Nikol\u00e1ievich Tolst\u00f3i (110 anos)<\/p>\n\n\n\n<p>Lan\u00e7amento da primeira vers\u00e3o do sistema operacional Windows (35 anos)<\/p>\n\n\n\n<p>Zumbi, o \u00faltimo dos l\u00edderes do Quilombo dos Palmares no Brasil, \u00e9 executado pelas for\u00e7as do bandeirante portugu\u00eas Domingos Jorge Velho. O&nbsp;evento hoje \u00e9 lembrado como o Dia da Consci\u00eancia Negra (325 anos)<\/p>\n\n\n\n<p>Dia Universal das Crian\u00e7as &#8211; comemora\u00e7\u00e3o internacional, que foi inicialmente recomendada pela 9\u00aa Assembleia Geral da ONU na sua Resolu\u00e7\u00e3o A\/RES 836, de 14 de dezembro de 1954; tem por fim, marcar a data da aprova\u00e7\u00e3o da Declara\u00e7\u00e3o dos Direitos das Crian\u00e7as<\/p>\n\n\n\n<p>Dia Nacional de Zumbi e da Consci\u00eancia Negra &#8211; comemora\u00e7\u00e3o do Brasil, que foi institu\u00edda pela Lei N\u00ba 12.519, de 10 de novembro de 2011<\/p>\n\n\n\n<p>Dia da Industrializa\u00e7\u00e3o da \u00c1frica &#8211; comemora\u00e7\u00e3o internacional, que foi institu\u00edda pela ONU na sua resolu\u00e7\u00e3o A\/RES 44\/237, de 22 de dezembro de 198921<\/p>\n\n\n\n<p>Morte do compositor e pianista paulista Jos\u00e9 Ant\u00f4nio Rezende de Almeida Prado (10 anos) &#8211; membro da Academia Brasileira de M\u00fasica, considerado um dos maiores expoentes da m\u00fasica erudita no Brasil<\/p>\n\n\n\n<p>Nascimento da cantora e compositora islandesa Bj\u00f6rk (55 anos) &#8211; vencedora do Polar Music Prize, conhecido como o Pr\u00eamio Nobel da M\u00fasica<\/p>\n\n\n\n<p>Dia Mundial da Televis\u00e3o22<\/p>\n\n\n\n<p>Morte do pianista, compositor, violinista e gaitista fluminense Newton Mendon\u00e7a (60 anos) &#8211; foi um dos mais importantes letristas da bossa nova. Seu modo de escrever, usando substantivos at\u00e9 ent\u00e3o raramente usados em letras de m\u00fasicas brasileiras, foi fundamental para chamar a aten\u00e7\u00e3o das pessoas para a bossa nova, especialmente os jovens. Injusti\u00e7ado historicamente, um dos grandes respons\u00e1veis pelo in\u00edcio da bossa nova<\/p>\n\n\n\n<p>Marinheiros a bordo dos navios de guerra do Brasil, incluindo o Minas Geraes, S\u00e3o Paulo e Bahia, se rebelam violentamente, iniciando o movimento conhecido como Revolta da Chibata (110 anos)<\/p>\n\n\n\n<p>Dia Internacional do M\u00fasico &#8211; comemora\u00e7\u00e3o internacional, que est\u00e1 oficializada no Brasil como Dia da M\u00fasica, em louvor \u00e0 Santa Cec\u00edlia, que, desde o s\u00e9culo XV&nbsp;\u00e9 considerada padroeira da m\u00fasica sacra e, consequentemente, tamb\u00e9m&nbsp;tida na conta de padroeira dos m\u00fasicos, pois, segundo consta, cantou para Deus quando ela estava morrendo23<\/p>\n\n\n\n<p>In\u00edcio da Intentona Comunista no Brasil (85 anos)<\/p>\n\n\n\n<p>Dia Nacional de Combate ao C\u00e2ncer Infantil24<\/p>\n\n\n\n<p>Dia do Rio25<\/p>\n\n\n\n<p>Nascimento do escritor portugu\u00eas E\u00e7a de Queiroz (175 anos)<\/p>\n\n\n\n<p>Nascimento do general e ditador chileno Augusto Pinochet (105 anos)<\/p>\n\n\n\n<p>Albert Einstein apresenta as equa\u00e7\u00f5es de campo da relatividade geral para a Academia de Ci\u00eancias da Pr\u00fassia (105 anos)<\/p>\n\n\n\n<p>Dia Internacional pela Elimina\u00e7\u00e3o da Viol\u00eancia contra as Mulheres &#8211; comemora\u00e7\u00e3o internacional que est\u00e1 ratificada pela ONU na sua Resolu\u00e7\u00e3o A\/RES 54\/134, de 17 de dezembro de 1999<\/p>\n\n\n\n<p>Dia Nacional da Baiana de Acaraj\u00e9 &#8211; comemora\u00e7\u00e3o criada pela Lei N\u00ba 12.206, de 19 de janeiro de 2010, pela qual se tornou nacional uma celebra\u00e7\u00e3o inicialmente apenas da capital do estado brasileiro da Bahia26<\/p>\n\n\n\n<p>Cria\u00e7\u00e3o do Minist\u00e9rio do Trabalho, Ind\u00fastria e Com\u00e9rcio (90 anos)27<\/p>\n\n\n\n<p>Nascimento do escritor paulista Raduan Nassar (85 anos) &#8211; galardoado com o Pr\u00eamio Cam\u00f5es em 2016<\/p>\n\n\n\n<p>Nascimento do lutador de artes marciais, ator e cineasta sino-americano Lee Jun-fan, o Bruce Lee (80 anos)<\/p>\n\n\n\n<p>O cometa Halley chegou ao Planeta Terra (35 anos)28<\/p>\n\n\n\n<p>Morte do escritor ga\u00facho \u00c9rico Ver\u00edssimo (45 anos)29<\/p>\n\n\n\n<p>O Dia Internacional de Solidariedade para com o Povo Palestino &#8211; comemora\u00e7\u00e3o internacional institu\u00edda pela ONU; tem por fim marcar a data da aprova\u00e7\u00e3o da resolu\u00e7\u00e3o N\u00ba 181, de 29 de novembro de 1947 na 2\u00aa sess\u00e3o da Assembleia Geral da pr\u00f3pria ONU, que ent\u00e3o versava sobre a partilha da Palestina, e que possibilitou a cria\u00e7\u00e3o do Estado de Israel30<\/p>\n\n\n\n<p>Morte do poeta portugu\u00eas Fernando Pessoa (85 anos)<\/p>\n\n\n\n<p>Morte do cantor, compositor, poeta e violonista fluminense Angenor de Oliveira, o Cartola (40 anos)<\/p>\n\n\n\n<p>Nascimento do ex-futebolista, ex-t\u00e9cnico e comentarista paulista Muricy Ramalho (65 anos)<\/p>\n\n\n\n<p>Assinatura do tratado Declara\u00e7\u00e3o do Igua\u00e7u, realizado em Foz do Igua\u00e7u, entre o Brasil e Argentina (35 anos) &#8211; lan\u00e7amento da ideia da integra\u00e7\u00e3o econ\u00f4mica e pol\u00edtica do Cone Sul. Este acordo serviu deu origem a um processo que levaria ao estabelecimento do Mercosul.<\/p>\n\n\n\n<p>Edi\u00e7\u00e3o: Leyberson Pedrosa<\/p>\n","protected":false},"excerpt":{"rendered":"<p>Veja alguns fatos hist\u00f3ricos e celebra\u00e7\u00f5es do pen\u00faltimo m\u00eas do ano Por Edgard Matsuki &#8211;<\/p>\n","protected":false},"author":2,"featured_media":4573,"comment_status":"open","ping_status":"open","sticky":false,"template":"","format":"standard","meta":{"footnotes":""},"categories":[21],"tags":[],"class_list":["post-4572","post","type-post","status-publish","format-standard","has-post-thumbnail","hentry","category-cultura"],"_links":{"self":[{"href":"https:\/\/tvc16.com\/portal\/wp-json\/wp\/v2\/posts\/4572","targetHints":{"allow":["GET"]}}],"collection":[{"href":"https:\/\/tvc16.com\/portal\/wp-json\/wp\/v2\/posts"}],"about":[{"href":"https:\/\/tvc16.com\/portal\/wp-json\/wp\/v2\/types\/post"}],"author":[{"embeddable":true,"href":"https:\/\/tvc16.com\/portal\/wp-json\/wp\/v2\/users\/2"}],"replies":[{"embeddable":true,"href":"https:\/\/tvc16.com\/portal\/wp-json\/wp\/v2\/comments?post=4572"}],"version-history":[{"count":1,"href":"https:\/\/tvc16.com\/portal\/wp-json\/wp\/v2\/posts\/4572\/revisions"}],"predecessor-version":[{"id":4574,"href":"https:\/\/tvc16.com\/portal\/wp-json\/wp\/v2\/posts\/4572\/revisions\/4574"}],"wp:featuredmedia":[{"embeddable":true,"href":"https:\/\/tvc16.com\/portal\/wp-json\/wp\/v2\/media\/4573"}],"wp:attachment":[{"href":"https:\/\/tvc16.com\/portal\/wp-json\/wp\/v2\/media?parent=4572"}],"wp:term":[{"taxonomy":"category","embeddable":true,"href":"https:\/\/tvc16.com\/portal\/wp-json\/wp\/v2\/categories?post=4572"},{"taxonomy":"post_tag","embeddable":true,"href":"https:\/\/tvc16.com\/portal\/wp-json\/wp\/v2\/tags?post=4572"}],"curies":[{"name":"wp","href":"https:\/\/api.w.org\/{rel}","templated":true}]}}