{"id":45727,"date":"2022-10-15T05:00:00","date_gmt":"2022-10-15T08:00:00","guid":{"rendered":"https:\/\/tvc16.com\/portal\/?p=45727"},"modified":"2022-10-14T22:31:16","modified_gmt":"2022-10-15T01:31:16","slug":"mesmo-apos-oito-meses-de-tragedia-petropolis-ainda-vive-um-cenario-de-destruicao","status":"publish","type":"post","link":"https:\/\/tvc16.com\/portal\/2022\/10\/15\/mesmo-apos-oito-meses-de-tragedia-petropolis-ainda-vive-um-cenario-de-destruicao\/","title":{"rendered":"Mesmo ap\u00f3s oito meses de trag\u00e9dia, Petr\u00f3polis ainda vive um cen\u00e1rio de destrui\u00e7\u00e3o"},"content":{"rendered":"\n<p>Neste s\u00e1bado (15) faz oito meses que a maior trag\u00e9dia socioambiental da hist\u00f3ria de Petr\u00f3polis foi registrada. O dia 15 de fevereiro estar\u00e1 para sempre marcado no calend\u00e1rio dos petropolitanos de uma maneira dolorosa, principalmente no de quem sobreviveu \u00e0s chuvas. As lembran\u00e7as ainda atormentam  os moradores das localidades atingidas que ainda permanecem nas \u00e1reas de risco. Sempre que saem nos port\u00f5es, eles se deparam com o cen\u00e1rio de destrui\u00e7\u00e3o.<\/p>\n\n\n\n<figure class=\"wp-block-image size-large\"><img loading=\"lazy\" decoding=\"async\" width=\"1024\" height=\"576\" src=\"https:\/\/tvc16.com\/portal\/wp-content\/uploads\/2022\/10\/WhatsApp-Image-2022-10-13-at-20.00.44-1024x576.jpeg\" alt=\"\" class=\"wp-image-45730\" srcset=\"https:\/\/tvc16.com\/portal\/wp-content\/uploads\/2022\/10\/WhatsApp-Image-2022-10-13-at-20.00.44-1024x576.jpeg 1024w, https:\/\/tvc16.com\/portal\/wp-content\/uploads\/2022\/10\/WhatsApp-Image-2022-10-13-at-20.00.44-300x169.jpeg 300w, https:\/\/tvc16.com\/portal\/wp-content\/uploads\/2022\/10\/WhatsApp-Image-2022-10-13-at-20.00.44-768x432.jpeg 768w, https:\/\/tvc16.com\/portal\/wp-content\/uploads\/2022\/10\/WhatsApp-Image-2022-10-13-at-20.00.44.jpeg 1280w\" sizes=\"auto, (max-width: 1024px) 100vw, 1024px\" \/><\/figure>\n\n\n\n<p>\u00c9 o caso da Andresa Naide, que durante \u00e0s chuvas ficou ilhada na regi\u00e3o que mora, mas mesmo assim se arriscou na lama para salvar a vida dos amigos e vizinhos. Ela conta que por medo de outra trag\u00e9dia acontecer, fez curso de Bombeiro Civil para saber como proceder em caso de chuvas ainda maiores que a anterior. \u201cNo dia a gente ajudou, mas n\u00e3o sab\u00edamos as t\u00e9cnicas. O ch\u00e3o estava inundado e os moradores se mobilizaram da forma que deu para salvar vidas. Foi dif\u00edcil ver nossos amigos indo embora porque perderam as casas e outros porque perderam a vida. Nesta sexta-feira (14), me formo Bombeira Civil para tentar ajudar mais em outras ocasi\u00f5es\u201d, conta.<\/p>\n\n\n\n<figure class=\"wp-block-image size-large\"><img loading=\"lazy\" decoding=\"async\" width=\"1024\" height=\"576\" src=\"https:\/\/tvc16.com\/portal\/wp-content\/uploads\/2022\/10\/WhatsApp-Image-2022-10-13-at-20.04.54-1024x576.jpeg\" alt=\"\" class=\"wp-image-45731\" srcset=\"https:\/\/tvc16.com\/portal\/wp-content\/uploads\/2022\/10\/WhatsApp-Image-2022-10-13-at-20.04.54-1024x576.jpeg 1024w, https:\/\/tvc16.com\/portal\/wp-content\/uploads\/2022\/10\/WhatsApp-Image-2022-10-13-at-20.04.54-300x169.jpeg 300w, https:\/\/tvc16.com\/portal\/wp-content\/uploads\/2022\/10\/WhatsApp-Image-2022-10-13-at-20.04.54-768x432.jpeg 768w, https:\/\/tvc16.com\/portal\/wp-content\/uploads\/2022\/10\/WhatsApp-Image-2022-10-13-at-20.04.54.jpeg 1280w\" sizes=\"auto, (max-width: 1024px) 100vw, 1024px\" \/><\/figure>\n\n\n\n<p>Conviver com as mem\u00f3rias das casas sendo destru\u00eddas tem sido dif\u00edcil para cada um que presenciou a cena. Segundo os moradores \u00e9 ainda mais revoltante ver que ap\u00f3s, tanto tempo, o poder p\u00fablico ainda n\u00e3o fez nenhuma interven\u00e7\u00e3o para evitar novas perdas. \u201cNingu\u00e9m imaginava que isso aconteceria. \u00c9 muito triste olhar ao redor e ver que meus vizinhos morreram, e onde tinha alegria s\u00f3 restou o sil\u00eancio. S\u00f3 queremos que o Prefeito fa\u00e7a alguma coisa pela popula\u00e7\u00e3o, porque na hora de pedir voto \u00e9 f\u00e1cil, dif\u00edcil \u00e9 fazer algo a favor da gente\u201d, disse, a dom\u00e9stica, C\u00e1tia de Souza, emocionada.<\/p>\n\n\n\n<figure class=\"wp-block-image size-large\"><img loading=\"lazy\" decoding=\"async\" width=\"1024\" height=\"576\" src=\"https:\/\/tvc16.com\/portal\/wp-content\/uploads\/2022\/10\/WhatsApp-Image-2022-10-13-at-20.03.30-1024x576.jpeg\" alt=\"\" class=\"wp-image-45732\" srcset=\"https:\/\/tvc16.com\/portal\/wp-content\/uploads\/2022\/10\/WhatsApp-Image-2022-10-13-at-20.03.30-1024x576.jpeg 1024w, https:\/\/tvc16.com\/portal\/wp-content\/uploads\/2022\/10\/WhatsApp-Image-2022-10-13-at-20.03.30-300x169.jpeg 300w, https:\/\/tvc16.com\/portal\/wp-content\/uploads\/2022\/10\/WhatsApp-Image-2022-10-13-at-20.03.30-768x432.jpeg 768w, https:\/\/tvc16.com\/portal\/wp-content\/uploads\/2022\/10\/WhatsApp-Image-2022-10-13-at-20.03.30.jpeg 1280w\" sizes=\"auto, (max-width: 1024px) 100vw, 1024px\" \/><\/figure>\n\n\n\n<p>A regi\u00e3o do Vila Felipe faz divisa com a Ch\u00e1cara Flora, e tamb\u00e9m foi um dos bairros mais atingidos. Fernanda Ferreira vivia l\u00e1 com a fam\u00edlia, mas perdeu a casa. Ela conseguiu um teto para ficar na localidade, mas o local tamb\u00e9m est\u00e1 interditado. O aluguel social dela foi liberado h\u00e1 cerca de um m\u00eas, e s\u00f3 agora na \u00faltima quinta-feira (13), finalmente conseguiu se mudar. \u201cA gente est\u00e1 saindo porque n\u00e3o temos condi\u00e7\u00f5es de ficar em um lugar que oferece risco \u00e0s nossas vidas toda vez que chove. Meu filho \u00e9 apenas uma crian\u00e7a e ficou traumatizado, \u00e9 s\u00f3 chover que ele chora dizendo que as casas v\u00e3o desmoronar novamente. Eu vou em busca de um lugar seguro para minha fam\u00edlia\u201d, conta a dona de casa.<\/p>\n\n\n\n<figure class=\"wp-block-image size-large\"><img loading=\"lazy\" decoding=\"async\" width=\"1024\" height=\"576\" src=\"https:\/\/tvc16.com\/portal\/wp-content\/uploads\/2022\/10\/WhatsApp-Image-2022-10-13-at-20.06.17-1024x576.jpeg\" alt=\"\" class=\"wp-image-45733\" srcset=\"https:\/\/tvc16.com\/portal\/wp-content\/uploads\/2022\/10\/WhatsApp-Image-2022-10-13-at-20.06.17-1024x576.jpeg 1024w, https:\/\/tvc16.com\/portal\/wp-content\/uploads\/2022\/10\/WhatsApp-Image-2022-10-13-at-20.06.17-300x169.jpeg 300w, https:\/\/tvc16.com\/portal\/wp-content\/uploads\/2022\/10\/WhatsApp-Image-2022-10-13-at-20.06.17-768x432.jpeg 768w, https:\/\/tvc16.com\/portal\/wp-content\/uploads\/2022\/10\/WhatsApp-Image-2022-10-13-at-20.06.17.jpeg 1280w\" sizes=\"auto, (max-width: 1024px) 100vw, 1024px\" \/><\/figure>\n\n\n\n<p>O Minist\u00e9rio P\u00fablico do Rio De Janeiro (MPRJ), moveu uma a\u00e7\u00e3o civil p\u00fablica para cobrar da prefeitura de Petr\u00f3polis e do Governo do Estado, a\u00e7\u00f5es urgentes nas regi\u00f5es do Ch\u00e1cara Flora, Caxamb\u00fa e Castel\u00e2nea. Nos documentos, o MPRJ afirma que pouco se avan\u00e7ou nesses meses, e que poucas obras com responsabilidade definida foram iniciadas. Outras permanecem apenas na promessa.<\/p>\n\n\n\n<p>Por Larissa Martins<\/p>\n","protected":false},"excerpt":{"rendered":"<p>Neste s\u00e1bado (15) faz oito meses que a maior trag\u00e9dia socioambiental da hist\u00f3ria de Petr\u00f3polis<\/p>\n","protected":false},"author":2,"featured_media":45729,"comment_status":"open","ping_status":"open","sticky":true,"template":"","format":"standard","meta":{"footnotes":""},"categories":[12,264],"tags":[],"class_list":["post-45727","post","type-post","status-publish","format-standard","has-post-thumbnail","hentry","category-cidade","category-destaque"],"_links":{"self":[{"href":"https:\/\/tvc16.com\/portal\/wp-json\/wp\/v2\/posts\/45727","targetHints":{"allow":["GET"]}}],"collection":[{"href":"https:\/\/tvc16.com\/portal\/wp-json\/wp\/v2\/posts"}],"about":[{"href":"https:\/\/tvc16.com\/portal\/wp-json\/wp\/v2\/types\/post"}],"author":[{"embeddable":true,"href":"https:\/\/tvc16.com\/portal\/wp-json\/wp\/v2\/users\/2"}],"replies":[{"embeddable":true,"href":"https:\/\/tvc16.com\/portal\/wp-json\/wp\/v2\/comments?post=45727"}],"version-history":[{"count":1,"href":"https:\/\/tvc16.com\/portal\/wp-json\/wp\/v2\/posts\/45727\/revisions"}],"predecessor-version":[{"id":45734,"href":"https:\/\/tvc16.com\/portal\/wp-json\/wp\/v2\/posts\/45727\/revisions\/45734"}],"wp:featuredmedia":[{"embeddable":true,"href":"https:\/\/tvc16.com\/portal\/wp-json\/wp\/v2\/media\/45729"}],"wp:attachment":[{"href":"https:\/\/tvc16.com\/portal\/wp-json\/wp\/v2\/media?parent=45727"}],"wp:term":[{"taxonomy":"category","embeddable":true,"href":"https:\/\/tvc16.com\/portal\/wp-json\/wp\/v2\/categories?post=45727"},{"taxonomy":"post_tag","embeddable":true,"href":"https:\/\/tvc16.com\/portal\/wp-json\/wp\/v2\/tags?post=45727"}],"curies":[{"name":"wp","href":"https:\/\/api.w.org\/{rel}","templated":true}]}}