{"id":45738,"date":"2022-10-14T13:40:35","date_gmt":"2022-10-14T16:40:35","guid":{"rendered":"https:\/\/tvc16.com\/portal\/?p=45738"},"modified":"2022-10-14T13:40:36","modified_gmt":"2022-10-14T16:40:36","slug":"orquestra-de-camara-do-palacio-itaborai-vai-se-apresentar-pela-primeira-vez-no-theatro-municipal-do-rio","status":"publish","type":"post","link":"https:\/\/tvc16.com\/portal\/2022\/10\/14\/orquestra-de-camara-do-palacio-itaborai-vai-se-apresentar-pela-primeira-vez-no-theatro-municipal-do-rio\/","title":{"rendered":"Orquestra de C\u00e2mara do Pal\u00e1cio Itabora\u00ed vai se apresentar pela primeira vez no Theatro Municipal do Rio"},"content":{"rendered":"\n<p>Um concerto de integra\u00e7\u00e3o no Theatro Municipal do Rio no s\u00e1bado (15), \u00e0s 16h, vai marcar o encerramento do projeto \u201cOrquestras Sociais \u2013 Cultura e Cidadania\u201d da Fiocruz em parceria com o Instituto Villa Lobos. A apresenta\u00e7\u00e3o gratuita ter\u00e1 a Orquestra de C\u00e2mara do Pal\u00e1cio Itabora\u00ed, da Fiocruz em Petr\u00f3polis, e outros projetos sociais, como: \u201cSolar Meninos de Luz\u201d, do Cantagalo; \u201cAl\u00e9m do Morro\u201d, do Chap\u00e9u Mangueira; \u201cCasa Amarela\u201d, da Provid\u00eancia; \u201cEscola de M\u00fasica da Rocinha\u201d, al\u00e9m da participa\u00e7\u00e3o especial da Orquestra e banda da UNIRIO.<\/p>\n\n\n\n<p>Para assistir ao concerto, basta retirar os ingressos no site do Theatro Municipal, por este link. Cada pessoa pode retirar at\u00e9 quatro ingressos.<\/p>\n\n\n\n<p>O projeto \u201cOrquestras Sociais \u2013 Cultura e Cidadania\u201d tem apoio da Secretaria Municipal de Cultura &#8211; Prefeitura da Cidade do Rio de Janeiro &#8211; atrav\u00e9s da lei de incentivo \u00e0 cultura Municipal. O objetivo \u00e9 o fortalecimento dos projetos socioculturais de forma\u00e7\u00e3o de orquestra, por meio da estrat\u00e9gia de constru\u00e7\u00e3o de pontes entre a m\u00fasica orquestral e a sociedade, o ambiente acad\u00eamico e os projetos sociais, entre os graduandos e as diversas realidades locais.<\/p>\n\n\n\n<p>Ao longo do processo, o projeto incorporou v\u00e1rias etapas, como a realiza\u00e7\u00e3o de oficinas ministradas por oito monitores discentes dos cursos de M\u00fasica da UNIRIO, a realiza\u00e7\u00e3o de cinco visitas ao Instituto Villa Lobos, al\u00e9m da realiza\u00e7\u00e3o de um festival nas depend\u00eancias da UNIRIO, com tr\u00eas dias de dura\u00e7\u00e3o, para oferecimento de \u201cmaster classes\u201d e ensaios para o concerto de integra\u00e7\u00e3o.<\/p>\n\n\n\n<p>Felix Rosenberg, diretor do F\u00f3rum Itabora\u00ed: Pol\u00edtica, Ci\u00eancia e Cultura na Sa\u00fade, da Fiocruz em Petr\u00f3polis, ressalta que o concerto vem a constituir um rito na hist\u00f3ria bem-sucedida da Orquestra de C\u00e2mara do Pal\u00e1cio Itabora\u00ed. \u201cPrimeiro pelo reconhecimento e coopera\u00e7\u00e3o de outros projetos, em particular da UNIRIO mas, sobretudo, pelo acerto da Presid\u00eancia da Fiocruz ao colocar o acesso \u00e0 arte e cultura musical como instrumento de grande relev\u00e2ncia para diminuir as enormes desigualdades sociais e econ\u00f4micas que existem em nosso pa\u00eds e, em particular, em Petr\u00f3polis\u201d, afirma.<\/p>\n\n\n\n<p>Para S\u00e9rgio Azra Barrenechea, coordenador art\u00edstico do projeto, o concerto de encerramento deste projeto \u00e9 uma oportunidade n\u00e3o s\u00f3 de congregar todas as for\u00e7as art\u00edsticas presentes desde o in\u00edcio das atividades com os alunos, dos professores, monitores, bolsistas em um \u00fanico objetivo. \u201c\u00c9 tamb\u00e9m uma forma de demonstrar o que somos capazes de realizar juntos: fazer a m\u00fasica tocar o p\u00fablico com emo\u00e7\u00e3o\u201d, diz.<\/p>\n\n\n\n<p>Para ele, o ensinamento mais essencial tirado de todo esse processo, que teve seu in\u00edcio no planejamento coletivo envolvendo os cinco projetos participantes, foi a colabora\u00e7\u00e3o. \u201cTivemos o empenho de muitas pessoas desde os aspectos de produ\u00e7\u00e3o, como busca de patroc\u00ednio, at\u00e9 a escolha do lindo repert\u00f3rio do concerto. S\u00f3 temos que agradecer a todos que puderam tornar tudo isso poss\u00edvel, pois ao presenciar a alegria e entusiasmo dos envolvidos nos ensaios de prepara\u00e7\u00e3o, nos deu a sensa\u00e7\u00e3o de dever cumprido, de saber que estamos no caminho certo, que \u00e9 trazer para o \u00e2mago da universidade os anseios e demandas da sociedade, fazendo essa ponte com os projetos sociais e apontando os caminhos para os mais novos\u201d, conclui S\u00e9rgio.<\/p>\n","protected":false},"excerpt":{"rendered":"<p>Um concerto de integra\u00e7\u00e3o no Theatro Municipal do Rio no s\u00e1bado (15), \u00e0s 16h, vai<\/p>\n","protected":false},"author":2,"featured_media":45739,"comment_status":"open","ping_status":"open","sticky":false,"template":"","format":"standard","meta":{"footnotes":""},"categories":[12],"tags":[],"class_list":["post-45738","post","type-post","status-publish","format-standard","has-post-thumbnail","hentry","category-cidade"],"_links":{"self":[{"href":"https:\/\/tvc16.com\/portal\/wp-json\/wp\/v2\/posts\/45738","targetHints":{"allow":["GET"]}}],"collection":[{"href":"https:\/\/tvc16.com\/portal\/wp-json\/wp\/v2\/posts"}],"about":[{"href":"https:\/\/tvc16.com\/portal\/wp-json\/wp\/v2\/types\/post"}],"author":[{"embeddable":true,"href":"https:\/\/tvc16.com\/portal\/wp-json\/wp\/v2\/users\/2"}],"replies":[{"embeddable":true,"href":"https:\/\/tvc16.com\/portal\/wp-json\/wp\/v2\/comments?post=45738"}],"version-history":[{"count":1,"href":"https:\/\/tvc16.com\/portal\/wp-json\/wp\/v2\/posts\/45738\/revisions"}],"predecessor-version":[{"id":45740,"href":"https:\/\/tvc16.com\/portal\/wp-json\/wp\/v2\/posts\/45738\/revisions\/45740"}],"wp:featuredmedia":[{"embeddable":true,"href":"https:\/\/tvc16.com\/portal\/wp-json\/wp\/v2\/media\/45739"}],"wp:attachment":[{"href":"https:\/\/tvc16.com\/portal\/wp-json\/wp\/v2\/media?parent=45738"}],"wp:term":[{"taxonomy":"category","embeddable":true,"href":"https:\/\/tvc16.com\/portal\/wp-json\/wp\/v2\/categories?post=45738"},{"taxonomy":"post_tag","embeddable":true,"href":"https:\/\/tvc16.com\/portal\/wp-json\/wp\/v2\/tags?post=45738"}],"curies":[{"name":"wp","href":"https:\/\/api.w.org\/{rel}","templated":true}]}}