{"id":45742,"date":"2022-10-14T18:00:18","date_gmt":"2022-10-14T21:00:18","guid":{"rendered":"https:\/\/tvc16.com\/portal\/?p=45742"},"modified":"2022-10-14T18:01:17","modified_gmt":"2022-10-14T21:01:17","slug":"mprj-obtem-condenacao-de-psicologo-por-envolvimento-em-uma-rede-de-pornografia-infantil","status":"publish","type":"post","link":"https:\/\/tvc16.com\/portal\/2022\/10\/14\/mprj-obtem-condenacao-de-psicologo-por-envolvimento-em-uma-rede-de-pornografia-infantil\/","title":{"rendered":"MPRJ obt\u00e9m condena\u00e7\u00e3o de psic\u00f3logo por envolvimento em uma rede de pornografia infantil"},"content":{"rendered":"\n<p>O Minist\u00e9rio P\u00fablico do Estado do Rio de Janeiro (MPRJ), por meio da 2\u00aa Promotoria de Justi\u00e7a Criminal de Volta Redonda, obteve a condena\u00e7\u00e3o de um psic\u00f3logo de 29 anos por envolvimento em uma rede de pornografia infantil. O criminoso foi preso em fevereiro, em Volta Redonda, ap\u00f3s investiga\u00e7\u00f5es da Pol\u00edcia Civil de Barra do Pira\u00ed (RJ) o identificarem como o respons\u00e1vel por repassar centenas de v\u00eddeos contendo imagens pornogr\u00e1ficas envolvendo crian\u00e7as e beb\u00eas, por meio de aplicativos de telefone celular.<\/p>\n\n\n\n<p>Ele foi localizado em um hospital de Volta Redonda, onde trabalhava atendendo crian\u00e7as. Segundo a pol\u00edcia, no momento da pris\u00e3o, o profissional prestava atendimento na ala neonatal da unidade. Durante a abordagem, os policiais encontraram imagens com conte\u00fado pornogr\u00e1fico no celular do psic\u00f3logo. De acordo com a pol\u00edcia, ele \u00e9 p\u00f3s-graduado em psicologia hospitalar e se apresenta nas redes sociais como s\u00f3cio de empresa e agente de humaniza\u00e7\u00e3o.<\/p>\n\n\n\n<p>Outras informa\u00e7\u00f5es n\u00e3o ser\u00e3o poss\u00edveis por conta do sigilo judicial decretado no processo.<\/p>\n\n\n\n<p>Por MPRJ<\/p>\n\n\n\n<p>Foto: Fernando Fraz\u00e3o\/Ag\u00eancia Brasil<\/p>\n","protected":false},"excerpt":{"rendered":"<p>O Minist\u00e9rio P\u00fablico do Estado do Rio de Janeiro (MPRJ), por meio da 2\u00aa Promotoria<\/p>\n","protected":false},"author":2,"featured_media":45745,"comment_status":"open","ping_status":"open","sticky":false,"template":"","format":"standard","meta":{"footnotes":""},"categories":[17],"tags":[],"class_list":["post-45742","post","type-post","status-publish","format-standard","has-post-thumbnail","hentry","category-outras-noticias"],"_links":{"self":[{"href":"https:\/\/tvc16.com\/portal\/wp-json\/wp\/v2\/posts\/45742","targetHints":{"allow":["GET"]}}],"collection":[{"href":"https:\/\/tvc16.com\/portal\/wp-json\/wp\/v2\/posts"}],"about":[{"href":"https:\/\/tvc16.com\/portal\/wp-json\/wp\/v2\/types\/post"}],"author":[{"embeddable":true,"href":"https:\/\/tvc16.com\/portal\/wp-json\/wp\/v2\/users\/2"}],"replies":[{"embeddable":true,"href":"https:\/\/tvc16.com\/portal\/wp-json\/wp\/v2\/comments?post=45742"}],"version-history":[{"count":1,"href":"https:\/\/tvc16.com\/portal\/wp-json\/wp\/v2\/posts\/45742\/revisions"}],"predecessor-version":[{"id":45744,"href":"https:\/\/tvc16.com\/portal\/wp-json\/wp\/v2\/posts\/45742\/revisions\/45744"}],"wp:featuredmedia":[{"embeddable":true,"href":"https:\/\/tvc16.com\/portal\/wp-json\/wp\/v2\/media\/45745"}],"wp:attachment":[{"href":"https:\/\/tvc16.com\/portal\/wp-json\/wp\/v2\/media?parent=45742"}],"wp:term":[{"taxonomy":"category","embeddable":true,"href":"https:\/\/tvc16.com\/portal\/wp-json\/wp\/v2\/categories?post=45742"},{"taxonomy":"post_tag","embeddable":true,"href":"https:\/\/tvc16.com\/portal\/wp-json\/wp\/v2\/tags?post=45742"}],"curies":[{"name":"wp","href":"https:\/\/api.w.org\/{rel}","templated":true}]}}