{"id":45746,"date":"2022-10-14T18:05:29","date_gmt":"2022-10-14T21:05:29","guid":{"rendered":"https:\/\/tvc16.com\/portal\/?p=45746"},"modified":"2022-10-14T18:05:30","modified_gmt":"2022-10-14T21:05:30","slug":"dia-do-comerciario-e-comemorado-na-proxima-segunda-feira-17","status":"publish","type":"post","link":"https:\/\/tvc16.com\/portal\/2022\/10\/14\/dia-do-comerciario-e-comemorado-na-proxima-segunda-feira-17\/","title":{"rendered":"Dia do comerci\u00e1rio \u00e9 comemorado na pr\u00f3xima segunda-feira (17)"},"content":{"rendered":"\n<p>As lojas no feriado dos comerci\u00e1rios em Petr\u00f3polis, v\u00e3o estar fechadas. Apesar da data oficial ser o dia 30 de outubro, na cidade, o dia do comerci\u00e1rio \u00e9 comemorado na 3\u00ba segunda-feira do m\u00eas de outubro.<\/p>\n\n\n\n<p>Em Petr\u00f3polis, de acordo com o sindicato, s\u00e3o mais de 10 mil profissionais nos cinco distritos da cidade. Por ser um feriado n\u00e3o negoci\u00e1vel, como no natal e ano novo, o com\u00e9rcio n\u00e3o pode funcionar. De acordo com Ernane Magalh\u00e3es, presidente do Sindicato dos Comerci\u00e1rios, \u00e9 um momento de alegria. \u201cN\u00f3s j\u00e1 comemoramos a data h\u00e1 mais de 30 anos e \u00e9 um dia para estamos com a fam\u00edlia e aproveitarmos essa celebra\u00e7\u00e3o. N\u00f3s seguiremos na luta pela categoria como sempre fizemos\u201d, informou.<\/p>\n\n\n\n<p>O setor foi um dos impactados por conta da pandemia e depois devido as chuvas que atingiram a cidade. De acordo com Lucimar Freitas, aos poucos o setor est\u00e1 retomando as atividades. \u201cAt\u00e9 hoje muitos ainda sentem os impactos. Aqui na loja por exemplo, n\u00e3o tivemos incentivo nenhum. Mas com a troca da esta\u00e7\u00e3o aos poucos vamos retomando as atividades\u201d, comentou. A loja em que atua est\u00e1 no centro da cidade h\u00e1 pelo menos 10 anos.<\/p>\n\n\n\n<p>De acordo com o Sicom\u00e9rcio, as atividades v\u00e3o ser retomadas na pr\u00f3xima ter\u00e7a-feira (18) normalmente. A orienta\u00e7\u00e3o para os consumidores \u00e9 antecipar as compras.<\/p>\n\n\n\n<p>Por Richard Stoltzenburg<\/p>\n","protected":false},"excerpt":{"rendered":"<p>As lojas no feriado dos comerci\u00e1rios em Petr\u00f3polis, v\u00e3o estar fechadas. Apesar da data oficial<\/p>\n","protected":false},"author":2,"featured_media":45747,"comment_status":"open","ping_status":"open","sticky":false,"template":"","format":"standard","meta":{"footnotes":""},"categories":[12],"tags":[],"class_list":["post-45746","post","type-post","status-publish","format-standard","has-post-thumbnail","hentry","category-cidade"],"_links":{"self":[{"href":"https:\/\/tvc16.com\/portal\/wp-json\/wp\/v2\/posts\/45746","targetHints":{"allow":["GET"]}}],"collection":[{"href":"https:\/\/tvc16.com\/portal\/wp-json\/wp\/v2\/posts"}],"about":[{"href":"https:\/\/tvc16.com\/portal\/wp-json\/wp\/v2\/types\/post"}],"author":[{"embeddable":true,"href":"https:\/\/tvc16.com\/portal\/wp-json\/wp\/v2\/users\/2"}],"replies":[{"embeddable":true,"href":"https:\/\/tvc16.com\/portal\/wp-json\/wp\/v2\/comments?post=45746"}],"version-history":[{"count":1,"href":"https:\/\/tvc16.com\/portal\/wp-json\/wp\/v2\/posts\/45746\/revisions"}],"predecessor-version":[{"id":45748,"href":"https:\/\/tvc16.com\/portal\/wp-json\/wp\/v2\/posts\/45746\/revisions\/45748"}],"wp:featuredmedia":[{"embeddable":true,"href":"https:\/\/tvc16.com\/portal\/wp-json\/wp\/v2\/media\/45747"}],"wp:attachment":[{"href":"https:\/\/tvc16.com\/portal\/wp-json\/wp\/v2\/media?parent=45746"}],"wp:term":[{"taxonomy":"category","embeddable":true,"href":"https:\/\/tvc16.com\/portal\/wp-json\/wp\/v2\/categories?post=45746"},{"taxonomy":"post_tag","embeddable":true,"href":"https:\/\/tvc16.com\/portal\/wp-json\/wp\/v2\/tags?post=45746"}],"curies":[{"name":"wp","href":"https:\/\/api.w.org\/{rel}","templated":true}]}}