{"id":45749,"date":"2022-10-14T18:11:14","date_gmt":"2022-10-14T21:11:14","guid":{"rendered":"https:\/\/tvc16.com\/portal\/?p=45749"},"modified":"2022-10-14T18:11:15","modified_gmt":"2022-10-14T21:11:15","slug":"petropolitanos-afirmam-que-aplicativo-consulta-facil-criado-pela-prefeitura-nao-funciona","status":"publish","type":"post","link":"https:\/\/tvc16.com\/portal\/2022\/10\/14\/petropolitanos-afirmam-que-aplicativo-consulta-facil-criado-pela-prefeitura-nao-funciona\/","title":{"rendered":"Petropolitanos afirmam que aplicativo \u201cConsulta F\u00e1cil\u201d, criado pela prefeitura, n\u00e3o funciona"},"content":{"rendered":"\n<p>\u201cAgendar \u00e9 mole, o dif\u00edcil \u00e9 ser atendido pelo m\u00e9dico. Faz oito meses que estou na fila aguardando ser chamada pra atendimento com um angiologista\u201d. Este \u00e9 o depoimento de apenas uma das dezenas de pessoas que denunciam as dificuldades para conseguir agendar uma consulta m\u00e9dica em Petr\u00f3polis. As reclama\u00e7\u00f5es aumentaram ainda mais, ap\u00f3s o an\u00fancio da prefeitura de Petr\u00f3polis sobre a implanta\u00e7\u00e3o do aplicativo \u201cConsulta F\u00e1cil\u201d, que foi criado justamente para facilitar o processo de marca\u00e7\u00e3o de consultas em unidades de aten\u00e7\u00e3o b\u00e1sica. Apesar disso, a realidade \u00e9 outra e os petropolitanos enfrentam uma verdadeira maratona em busca de atendimento m\u00e9dico na cidade.<\/p>\n\n\n\n<p>Al\u00e9m de n\u00e3o conseguirem agendar as consultas m\u00e9dicas por meio do aplicativo, alguns petropolitanos afirmam que est\u00e3o h\u00e1 meses, aguardando a disponibilidade na agenda de especialistas da rede p\u00fablica de sa\u00fade. Para realizar exames ent\u00e3o, a situa\u00e7\u00e3o \u00e9 ainda pior. <\/p>\n\n\n\n<p>Em outro relato uma mulher denuncia que mesmo diante de uma gesta\u00e7\u00e3o de risco, precisou aguardar sete meses por um exame de pr\u00e9-natal e mesmo assim ela s\u00f3 foi atendida no Ambulat\u00f3rio Escola. Outro paciente afirma estar h\u00e1 um ano e quatro meses aguardando por uma ultrassonografia. Devido a demora ele decidiu recorrer a rede privada de sa\u00fade. O mesmo ocorreu com a aposentada Maria Elizabeth Jacinto Dias, que ap\u00f3s ser diagnosticada com c\u00e2ncer de mama, em mar\u00e7o do ano passado, precisou fazer os exames na rede particular de sa\u00fade.<\/p>\n\n\n\n<p>\u201cEu estou com c\u00e2ncer de mama e para conseguir um atendimento por uma mastologista, mesmo com os exames prontos, precisei ir at\u00e9 a Secretaria de Sa\u00fade brigar com funcion\u00e1rios para ter atendimento. \u00c9 um sentimento de tristeza, porque eu corri atr\u00e1s, briguei e consegui, mas at\u00e9 este processo foi muito complicado\u201d, desabafou Elizabeth Jacinto Dias.<\/p>\n\n\n\n<p>Diante de tanta reclama\u00e7\u00e3o, a equipe de jornalismo da TV Correio da Manh\u00e3 decidiu tentar agendar uma consulta por meio do aplicativo, mas o resultado tamb\u00e9m foi frustrante. N\u00e3o foi poss\u00edvel sequer finalizar o cadastro. Isso porque no APP foi solicitado o CEP do paciente, mas n\u00e3o havia um espa\u00e7o destinado para o preenchimento da informa\u00e7\u00e3o exigida.<\/p>\n\n\n\n<p>Por Gabriel Faxola<br><\/p>\n","protected":false},"excerpt":{"rendered":"<p>\u201cAgendar \u00e9 mole, o dif\u00edcil \u00e9 ser atendido pelo m\u00e9dico. Faz oito meses que estou<\/p>\n","protected":false},"author":2,"featured_media":45750,"comment_status":"open","ping_status":"open","sticky":false,"template":"","format":"standard","meta":{"footnotes":""},"categories":[12],"tags":[],"class_list":["post-45749","post","type-post","status-publish","format-standard","has-post-thumbnail","hentry","category-cidade"],"_links":{"self":[{"href":"https:\/\/tvc16.com\/portal\/wp-json\/wp\/v2\/posts\/45749","targetHints":{"allow":["GET"]}}],"collection":[{"href":"https:\/\/tvc16.com\/portal\/wp-json\/wp\/v2\/posts"}],"about":[{"href":"https:\/\/tvc16.com\/portal\/wp-json\/wp\/v2\/types\/post"}],"author":[{"embeddable":true,"href":"https:\/\/tvc16.com\/portal\/wp-json\/wp\/v2\/users\/2"}],"replies":[{"embeddable":true,"href":"https:\/\/tvc16.com\/portal\/wp-json\/wp\/v2\/comments?post=45749"}],"version-history":[{"count":1,"href":"https:\/\/tvc16.com\/portal\/wp-json\/wp\/v2\/posts\/45749\/revisions"}],"predecessor-version":[{"id":45751,"href":"https:\/\/tvc16.com\/portal\/wp-json\/wp\/v2\/posts\/45749\/revisions\/45751"}],"wp:featuredmedia":[{"embeddable":true,"href":"https:\/\/tvc16.com\/portal\/wp-json\/wp\/v2\/media\/45750"}],"wp:attachment":[{"href":"https:\/\/tvc16.com\/portal\/wp-json\/wp\/v2\/media?parent=45749"}],"wp:term":[{"taxonomy":"category","embeddable":true,"href":"https:\/\/tvc16.com\/portal\/wp-json\/wp\/v2\/categories?post=45749"},{"taxonomy":"post_tag","embeddable":true,"href":"https:\/\/tvc16.com\/portal\/wp-json\/wp\/v2\/tags?post=45749"}],"curies":[{"name":"wp","href":"https:\/\/api.w.org\/{rel}","templated":true}]}}