{"id":4575,"date":"2020-11-01T18:26:07","date_gmt":"2020-11-01T18:26:07","guid":{"rendered":"https:\/\/tvc16.com\/portal\/?p=4575"},"modified":"2020-11-01T18:26:07","modified_gmt":"2020-11-01T18:26:07","slug":"matriz-da-paroquia-sao-judas-tadeu-na-mosela-sofre-atos-de-vandalismo","status":"publish","type":"post","link":"https:\/\/tvc16.com\/portal\/2020\/11\/01\/matriz-da-paroquia-sao-judas-tadeu-na-mosela-sofre-atos-de-vandalismo\/","title":{"rendered":"Matriz da Par\u00f3quia S\u00e3o Judas Tadeu, na Mosela, sofre atos de vandalismo"},"content":{"rendered":"\n<p>A Par\u00f3quia S\u00e3o Judas Tadeu, na Mosela, sofreu um ato de vandalismo e tentativa de profana\u00e7\u00e3o ao Sant\u00edssimo Sacramento, guardado no sacr\u00e1rio.\u00a0<br>O ato aconteceu na tarde deste s\u00e1bado, 31\/10, quando tentaram arrancar o sacr\u00e1rio, mas os v\u00e2ndalos n\u00e3o obtiveram \u00eaxito; tamb\u00e9m n\u00e3o conseguiram abrir o m\u00f3vel sagrado na sacristia. Foram roubados o conopeu (o\u00a0v\u00e9u\u00a0que se cobre o sacr\u00e1rio,\u00a0onde se encontra a eucaristia) e uma vela. <\/p>\n\n\n\n<figure class=\"wp-block-image size-large is-style-rounded\"><img loading=\"lazy\" decoding=\"async\" width=\"766\" height=\"1024\" src=\"https:\/\/tvc16.com\/portal\/wp-content\/uploads\/2020\/11\/IMG-20201101-WA0076-766x1024.jpg\" alt=\"\" class=\"wp-image-4576\" srcset=\"https:\/\/tvc16.com\/portal\/wp-content\/uploads\/2020\/11\/IMG-20201101-WA0076-766x1024.jpg 766w, https:\/\/tvc16.com\/portal\/wp-content\/uploads\/2020\/11\/IMG-20201101-WA0076-224x300.jpg 224w, https:\/\/tvc16.com\/portal\/wp-content\/uploads\/2020\/11\/IMG-20201101-WA0076-768x1027.jpg 768w, https:\/\/tvc16.com\/portal\/wp-content\/uploads\/2020\/11\/IMG-20201101-WA0076.jpg 957w\" sizes=\"auto, (max-width: 766px) 100vw, 766px\" \/><\/figure>\n\n\n\n<p>Uma cruz que fica no altar foi arrancada e deixada no ch\u00e3o da igreja. Nenhuma h\u00f3stia consagrada foi levada. <\/p>\n\n\n\n<figure class=\"wp-block-image size-large is-style-rounded\"><img loading=\"lazy\" decoding=\"async\" width=\"766\" height=\"1024\" src=\"https:\/\/tvc16.com\/portal\/wp-content\/uploads\/2020\/11\/IMG-20201101-WA0077-766x1024.jpg\" alt=\"\" class=\"wp-image-4578\" srcset=\"https:\/\/tvc16.com\/portal\/wp-content\/uploads\/2020\/11\/IMG-20201101-WA0077-766x1024.jpg 766w, https:\/\/tvc16.com\/portal\/wp-content\/uploads\/2020\/11\/IMG-20201101-WA0077-224x300.jpg 224w, https:\/\/tvc16.com\/portal\/wp-content\/uploads\/2020\/11\/IMG-20201101-WA0077-768x1027.jpg 768w, https:\/\/tvc16.com\/portal\/wp-content\/uploads\/2020\/11\/IMG-20201101-WA0077.jpg 957w\" sizes=\"auto, (max-width: 766px) 100vw, 766px\" \/><figcaption>fotos: divulga\u00e7\u00e3o da Par\u00f3quia S\u00e3o Judas Tadeu (Mosela)<\/figcaption><\/figure>\n\n\n\n<p>Vale lembrar que, h\u00e1 algumas semanas um dos cofres de coleta das ofertas foi aberto e o seu conte\u00fado levado.<\/p>\n\n\n\n<figure class=\"wp-block-image size-large is-style-rounded\"><img loading=\"lazy\" decoding=\"async\" width=\"766\" height=\"1024\" src=\"https:\/\/tvc16.com\/portal\/wp-content\/uploads\/2020\/11\/IMG-20201101-WA0074-1-766x1024.jpg\" alt=\"\" class=\"wp-image-4580\" srcset=\"https:\/\/tvc16.com\/portal\/wp-content\/uploads\/2020\/11\/IMG-20201101-WA0074-1-766x1024.jpg 766w, https:\/\/tvc16.com\/portal\/wp-content\/uploads\/2020\/11\/IMG-20201101-WA0074-1-224x300.jpg 224w, https:\/\/tvc16.com\/portal\/wp-content\/uploads\/2020\/11\/IMG-20201101-WA0074-1-768x1027.jpg 768w, https:\/\/tvc16.com\/portal\/wp-content\/uploads\/2020\/11\/IMG-20201101-WA0074-1.jpg 957w\" sizes=\"auto, (max-width: 766px) 100vw, 766px\" \/><\/figure>\n\n\n\n<p><br>Por meio do administrador paroquial, Padre Lucas Thadeu, a par\u00f3quia convida todos a fazerem uma ora\u00e7\u00e3o de repara\u00e7\u00e3o ao Sant\u00edssimo Sacramento.<br>Em todas as Missas deste domingo, &#8220;Solenidade de Todos os Santos&#8221;, est\u00e1 acontecendo a adora\u00e7\u00e3o ao Sant\u00edssimo Sacramento e ora\u00e7\u00e3o em desagravo.<\/p>\n","protected":false},"excerpt":{"rendered":"<p>A Par\u00f3quia S\u00e3o Judas Tadeu, na Mosela, sofreu um ato de vandalismo e tentativa de<\/p>\n","protected":false},"author":2,"featured_media":4577,"comment_status":"open","ping_status":"open","sticky":false,"template":"","format":"standard","meta":{"footnotes":""},"categories":[12],"tags":[],"class_list":["post-4575","post","type-post","status-publish","format-standard","has-post-thumbnail","hentry","category-cidade"],"_links":{"self":[{"href":"https:\/\/tvc16.com\/portal\/wp-json\/wp\/v2\/posts\/4575","targetHints":{"allow":["GET"]}}],"collection":[{"href":"https:\/\/tvc16.com\/portal\/wp-json\/wp\/v2\/posts"}],"about":[{"href":"https:\/\/tvc16.com\/portal\/wp-json\/wp\/v2\/types\/post"}],"author":[{"embeddable":true,"href":"https:\/\/tvc16.com\/portal\/wp-json\/wp\/v2\/users\/2"}],"replies":[{"embeddable":true,"href":"https:\/\/tvc16.com\/portal\/wp-json\/wp\/v2\/comments?post=4575"}],"version-history":[{"count":1,"href":"https:\/\/tvc16.com\/portal\/wp-json\/wp\/v2\/posts\/4575\/revisions"}],"predecessor-version":[{"id":4581,"href":"https:\/\/tvc16.com\/portal\/wp-json\/wp\/v2\/posts\/4575\/revisions\/4581"}],"wp:featuredmedia":[{"embeddable":true,"href":"https:\/\/tvc16.com\/portal\/wp-json\/wp\/v2\/media\/4577"}],"wp:attachment":[{"href":"https:\/\/tvc16.com\/portal\/wp-json\/wp\/v2\/media?parent=4575"}],"wp:term":[{"taxonomy":"category","embeddable":true,"href":"https:\/\/tvc16.com\/portal\/wp-json\/wp\/v2\/categories?post=4575"},{"taxonomy":"post_tag","embeddable":true,"href":"https:\/\/tvc16.com\/portal\/wp-json\/wp\/v2\/tags?post=4575"}],"curies":[{"name":"wp","href":"https:\/\/api.w.org\/{rel}","templated":true}]}}