{"id":45753,"date":"2022-10-14T18:21:49","date_gmt":"2022-10-14T21:21:49","guid":{"rendered":"https:\/\/tvc16.com\/portal\/?p=45753"},"modified":"2022-10-14T18:22:34","modified_gmt":"2022-10-14T21:22:34","slug":"trono-de-fatima-completa-75-anos-de-historia-em-meio-a-cenario-de-destruicao","status":"publish","type":"post","link":"https:\/\/tvc16.com\/portal\/2022\/10\/14\/trono-de-fatima-completa-75-anos-de-historia-em-meio-a-cenario-de-destruicao\/","title":{"rendered":"Trono de F\u00e1tima completa 75 anos de hist\u00f3ria em meio a cen\u00e1rio de destrui\u00e7\u00e3o"},"content":{"rendered":"\n<p>Um dos principais pontos tur\u00edsticos de Petr\u00f3polis, o Trono de F\u00e1tima, completou 75 anos na \u00faltima quinta-feira(13). O hor\u00e1rio de funcionamento, anteriormente de segunda \u00e0 domingo, foi reduzido para apenas fins de semana e feriados das 8h \u00e0s 17h por conta das chuva. Isso porque a principal via de acesso permanece interditada.<\/p>\n\n\n\n<figure class=\"wp-block-image size-large\"><img loading=\"lazy\" decoding=\"async\" width=\"1024\" height=\"568\" src=\"https:\/\/tvc16.com\/portal\/wp-content\/uploads\/2022\/10\/WhatsApp-Image-2022-10-14-at-18.16.37-1024x568.jpeg\" alt=\"\" class=\"wp-image-45755\" srcset=\"https:\/\/tvc16.com\/portal\/wp-content\/uploads\/2022\/10\/WhatsApp-Image-2022-10-14-at-18.16.37-1024x568.jpeg 1024w, https:\/\/tvc16.com\/portal\/wp-content\/uploads\/2022\/10\/WhatsApp-Image-2022-10-14-at-18.16.37-300x166.jpeg 300w, https:\/\/tvc16.com\/portal\/wp-content\/uploads\/2022\/10\/WhatsApp-Image-2022-10-14-at-18.16.37-768x426.jpeg 768w, https:\/\/tvc16.com\/portal\/wp-content\/uploads\/2022\/10\/WhatsApp-Image-2022-10-14-at-18.16.37.jpeg 1280w\" sizes=\"auto, (max-width: 1024px) 100vw, 1024px\" \/><\/figure>\n\n\n\n<p>Claudinei da Silva costumava visitar o local e reclama da demora do poder p\u00fablico para solucionar o problema. \u201cDurante a semana fica fechado. Eu e muitos turistas gostar\u00edamos de levar os filhos para passear ali, mas precisamos optar por outros pontos tur\u00edsticos\u201d, lamenta o padeiro.<\/p>\n\n\n\n<figure class=\"wp-block-image size-large\"><img loading=\"lazy\" decoding=\"async\" width=\"1024\" height=\"574\" src=\"https:\/\/tvc16.com\/portal\/wp-content\/uploads\/2022\/10\/WhatsApp-Image-2022-10-14-at-18.16.35-1024x574.jpeg\" alt=\"\" class=\"wp-image-45756\" srcset=\"https:\/\/tvc16.com\/portal\/wp-content\/uploads\/2022\/10\/WhatsApp-Image-2022-10-14-at-18.16.35-1024x574.jpeg 1024w, https:\/\/tvc16.com\/portal\/wp-content\/uploads\/2022\/10\/WhatsApp-Image-2022-10-14-at-18.16.35-300x168.jpeg 300w, https:\/\/tvc16.com\/portal\/wp-content\/uploads\/2022\/10\/WhatsApp-Image-2022-10-14-at-18.16.35-768x431.jpeg 768w, https:\/\/tvc16.com\/portal\/wp-content\/uploads\/2022\/10\/WhatsApp-Image-2022-10-14-at-18.16.35.jpeg 1280w\" sizes=\"auto, (max-width: 1024px) 100vw, 1024px\" \/><\/figure>\n\n\n\n<p>Al\u00e9m de ser um ponto tur\u00edstico e um templo religioso de grande import\u00e2ncia para Petr\u00f3polis, o Trono de F\u00e1tima tamb\u00e9m j\u00e1 foi cen\u00e1rio de encontros de medita\u00e7\u00e3o. Em 2016, por exemplo, curiosos se reuniram no local para acompanhar a lua de sangue. Nesse ano, as pessoas n\u00e3o puderam se reunir porque o espa\u00e7o estava fechado.<\/p>\n\n\n\n<p>Mesmo ap\u00f3s oito meses da trag\u00e9dia que abateu Petr\u00f3polis, em fevereiro deste ano, as Ruas Frei Cir\u00edaco e Dom Jos\u00e9 Pereira, que d\u00e3o acesso ao espa\u00e7o, permanecem em condi\u00e7\u00f5es prec\u00e1rias. Basta seguir o caminho para notar que muito trabalho ainda precisa ser feito. O acesso a Rua do Encanto, que anteriormente era utilizada como rota alternativa, tamb\u00e9m \u00e9 dif\u00edcil. Isso porque parte de uma barreira que deslizou continua em parte da rua.<\/p>\n\n\n\n<figure class=\"wp-block-image size-large\"><img loading=\"lazy\" decoding=\"async\" width=\"1024\" height=\"574\" src=\"https:\/\/tvc16.com\/portal\/wp-content\/uploads\/2022\/10\/WhatsApp-Image-2022-10-14-at-18.16.38-1024x574.jpeg\" alt=\"\" class=\"wp-image-45757\" srcset=\"https:\/\/tvc16.com\/portal\/wp-content\/uploads\/2022\/10\/WhatsApp-Image-2022-10-14-at-18.16.38-1024x574.jpeg 1024w, https:\/\/tvc16.com\/portal\/wp-content\/uploads\/2022\/10\/WhatsApp-Image-2022-10-14-at-18.16.38-300x168.jpeg 300w, https:\/\/tvc16.com\/portal\/wp-content\/uploads\/2022\/10\/WhatsApp-Image-2022-10-14-at-18.16.38-768x430.jpeg 768w, https:\/\/tvc16.com\/portal\/wp-content\/uploads\/2022\/10\/WhatsApp-Image-2022-10-14-at-18.16.38.jpeg 1280w\" sizes=\"auto, (max-width: 1024px) 100vw, 1024px\" \/><\/figure>\n\n\n\n<p>Rosely Pires mora na regi\u00e3o e conta que o sentimento \u00e9 de tristeza e abandono. O medo \u00e9 tanto que ela planeja se mudar. \u201cA barreira caiu e os moradores se reuniram para limpar a rua, porque a prefeitura n\u00e3o limpou e nunca fez nada pela popula\u00e7\u00e3o daqui. \u00c9 uma falta de respeito! Quando chove, a rua se torna um lama\u00e7al. N\u00e3o tem mais condi\u00e7\u00f5es de viver assim. Eu vou me mudar! At\u00e9 os im\u00f3veis est\u00e3o desvalorizados porque ningu\u00e9m quer vir pra c\u00e1 com medo de morrer\u201d, lamenta a aposentada.<\/p>\n\n\n\n<p>Kelly Ara\u00fajo tamb\u00e9m \u00e9 moradora da regi\u00e3o e conta que as pedras que rolaram durante as chuvas permanecem na beira da rua, assim como os buracos pelo caminho que oferecem risco aos pedestres, principalmente \u00e0 noite. \u201cDesde a enchente a rua n\u00e3o mudou nada. As pedras permanecem no mesmo local. Est\u00e1 muito perigoso\u201d, reclama a personal trainer<\/p>\n\n\n\n<p>Em nota, a prefeitura informou que est\u00e1 construindo um muro atirantado na Rua Padre Moreira, que liga a Rua Monsenhor Bacelar ao Trono De F\u00e1tima, para conten\u00e7\u00e3o da via, que desmoronou parcialmente em consequ\u00eancia das cat\u00e1strofes clim\u00e1ticas do ver\u00e3o. A rua ser\u00e1 desimpedida assim que a obra foi conclu\u00edda. Outras duas obras de conten\u00e7\u00e3o foram feitas na \u00e1rea \u2013 um muro atirantado na Rua Frei Cir\u00edaco e um de Gabi\u00e3o na Rua do Encanto.<\/p>\n\n\n\n<p>Por Larissa Martins<\/p>\n","protected":false},"excerpt":{"rendered":"<p>Um dos principais pontos tur\u00edsticos de Petr\u00f3polis, o Trono de F\u00e1tima, completou 75 anos na<\/p>\n","protected":false},"author":2,"featured_media":45754,"comment_status":"open","ping_status":"open","sticky":false,"template":"","format":"standard","meta":{"footnotes":""},"categories":[12],"tags":[],"class_list":["post-45753","post","type-post","status-publish","format-standard","has-post-thumbnail","hentry","category-cidade"],"_links":{"self":[{"href":"https:\/\/tvc16.com\/portal\/wp-json\/wp\/v2\/posts\/45753","targetHints":{"allow":["GET"]}}],"collection":[{"href":"https:\/\/tvc16.com\/portal\/wp-json\/wp\/v2\/posts"}],"about":[{"href":"https:\/\/tvc16.com\/portal\/wp-json\/wp\/v2\/types\/post"}],"author":[{"embeddable":true,"href":"https:\/\/tvc16.com\/portal\/wp-json\/wp\/v2\/users\/2"}],"replies":[{"embeddable":true,"href":"https:\/\/tvc16.com\/portal\/wp-json\/wp\/v2\/comments?post=45753"}],"version-history":[{"count":2,"href":"https:\/\/tvc16.com\/portal\/wp-json\/wp\/v2\/posts\/45753\/revisions"}],"predecessor-version":[{"id":45759,"href":"https:\/\/tvc16.com\/portal\/wp-json\/wp\/v2\/posts\/45753\/revisions\/45759"}],"wp:featuredmedia":[{"embeddable":true,"href":"https:\/\/tvc16.com\/portal\/wp-json\/wp\/v2\/media\/45754"}],"wp:attachment":[{"href":"https:\/\/tvc16.com\/portal\/wp-json\/wp\/v2\/media?parent=45753"}],"wp:term":[{"taxonomy":"category","embeddable":true,"href":"https:\/\/tvc16.com\/portal\/wp-json\/wp\/v2\/categories?post=45753"},{"taxonomy":"post_tag","embeddable":true,"href":"https:\/\/tvc16.com\/portal\/wp-json\/wp\/v2\/tags?post=45753"}],"curies":[{"name":"wp","href":"https:\/\/api.w.org\/{rel}","templated":true}]}}