{"id":45763,"date":"2022-10-14T18:27:56","date_gmt":"2022-10-14T21:27:56","guid":{"rendered":"https:\/\/tvc16.com\/portal\/?p=45763"},"modified":"2022-10-14T18:27:57","modified_gmt":"2022-10-14T21:27:57","slug":"outubro-rosa-do-hospital-alcides-carneiro-acontece-neste-sabado-15","status":"publish","type":"post","link":"https:\/\/tvc16.com\/portal\/2022\/10\/14\/outubro-rosa-do-hospital-alcides-carneiro-acontece-neste-sabado-15\/","title":{"rendered":"Outubro Rosa do Hospital Alcides Carneiro acontece neste s\u00e1bado (15)"},"content":{"rendered":"\n<p>O Hospital Alcides Carneiro realiza neste s\u00e1bado (15), o Dia D da campanha do Outubro Rosa \u2013 m\u00eas de conscientiza\u00e7\u00e3o e preven\u00e7\u00e3o ao c\u00e2ncer de mama. O ambulat\u00f3rio da unidade estar\u00e1 aberto ofertando coletas para exames citopatol\u00f3gicos, realiza\u00e7\u00e3o de ultrassonografias agendadas, al\u00e9m da distribui\u00e7\u00e3o de informativos, apresenta\u00e7\u00e3o de projetos pela equipe da Associa\u00e7\u00e3o Petropolitana dos Pacientes Oncol\u00f3gicos \u2013 APPO e a exposi\u00e7\u00e3o itinerante \u201cHist\u00f3rias que Inspiram\u201d.<\/p>\n\n\n\n<p>Equipes da Academia da Sa\u00fade tamb\u00e9m participam da a\u00e7\u00e3o oferecendo atividades como pilates, alongamento e passando informa\u00e7\u00f5es gerais sobre exerc\u00edcios que podem serem feitos em casa para o autocuidado. <\/p>\n\n\n\n<p>Foto: SMS Petr\u00f3polis<\/p>\n","protected":false},"excerpt":{"rendered":"<p>O Hospital Alcides Carneiro realiza neste s\u00e1bado (15), o Dia D da campanha do Outubro<\/p>\n","protected":false},"author":2,"featured_media":45764,"comment_status":"open","ping_status":"open","sticky":false,"template":"","format":"standard","meta":{"footnotes":""},"categories":[12],"tags":[],"class_list":["post-45763","post","type-post","status-publish","format-standard","has-post-thumbnail","hentry","category-cidade"],"_links":{"self":[{"href":"https:\/\/tvc16.com\/portal\/wp-json\/wp\/v2\/posts\/45763","targetHints":{"allow":["GET"]}}],"collection":[{"href":"https:\/\/tvc16.com\/portal\/wp-json\/wp\/v2\/posts"}],"about":[{"href":"https:\/\/tvc16.com\/portal\/wp-json\/wp\/v2\/types\/post"}],"author":[{"embeddable":true,"href":"https:\/\/tvc16.com\/portal\/wp-json\/wp\/v2\/users\/2"}],"replies":[{"embeddable":true,"href":"https:\/\/tvc16.com\/portal\/wp-json\/wp\/v2\/comments?post=45763"}],"version-history":[{"count":1,"href":"https:\/\/tvc16.com\/portal\/wp-json\/wp\/v2\/posts\/45763\/revisions"}],"predecessor-version":[{"id":45765,"href":"https:\/\/tvc16.com\/portal\/wp-json\/wp\/v2\/posts\/45763\/revisions\/45765"}],"wp:featuredmedia":[{"embeddable":true,"href":"https:\/\/tvc16.com\/portal\/wp-json\/wp\/v2\/media\/45764"}],"wp:attachment":[{"href":"https:\/\/tvc16.com\/portal\/wp-json\/wp\/v2\/media?parent=45763"}],"wp:term":[{"taxonomy":"category","embeddable":true,"href":"https:\/\/tvc16.com\/portal\/wp-json\/wp\/v2\/categories?post=45763"},{"taxonomy":"post_tag","embeddable":true,"href":"https:\/\/tvc16.com\/portal\/wp-json\/wp\/v2\/tags?post=45763"}],"curies":[{"name":"wp","href":"https:\/\/api.w.org\/{rel}","templated":true}]}}