{"id":45766,"date":"2022-10-16T08:00:00","date_gmt":"2022-10-16T11:00:00","guid":{"rendered":"https:\/\/tvc16.com\/portal\/?p=45766"},"modified":"2022-10-14T20:11:29","modified_gmt":"2022-10-14T23:11:29","slug":"circuito-da-barao-recebe-acao-em-alusao-ao-dia-mundial-da-alimentacao","status":"publish","type":"post","link":"https:\/\/tvc16.com\/portal\/2022\/10\/16\/circuito-da-barao-recebe-acao-em-alusao-ao-dia-mundial-da-alimentacao\/","title":{"rendered":"Circuito da \u2018Bar\u00e3o\u2019 recebe a\u00e7\u00e3o em alus\u00e3o ao Dia Mundial da Alimenta\u00e7\u00e3o"},"content":{"rendered":"\n<p>Uma mobiliza\u00e7\u00e3o no Circuito Imperial de Esportes e Lazer, na Avenida Bar\u00e3o do Rio Branco, acontece neste domingo, dia 16 de outubro, em alus\u00e3o ao Dia Mundial da Alimenta\u00e7\u00e3o, organizada pela Prefeitura e Secretaria de Sa\u00fade. <\/p>\n\n\n\n<p>Al\u00e9m da distribui\u00e7\u00e3o de material informativo, equipes do setor estar\u00e3o no local tirando d\u00favidas e fazendo a orienta\u00e7\u00e3o da popula\u00e7\u00e3o. Este ano, a Organiza\u00e7\u00e3o das Na\u00e7\u00f5es Unidas para a Alimenta\u00e7\u00e3o e Agricultura instituiu o tema \u201cN\u00e3o deixar ningu\u00e9m pra tr\u00e1s: melhor produ\u00e7\u00e3o, melhor nutri\u00e7\u00e3o, melhor meio ambiente, melhor vida\u201d. <\/p>\n\n\n\n<p>Das 9h \u00e0s 12h, uma tenda com uma equipe da \u00c1rea T\u00e9cnica de Alimenta\u00e7\u00e3o e Nutri\u00e7\u00e3o &#8211; Atan, vai estar inslada no estacionamento do Centro Administrativo da Prefeitura, na Avenida Bar\u00e3o do Rio Branco, para conversar com a popula\u00e7\u00e3o, levando informa\u00e7\u00f5es essenciais, dividindo conhecimento ensinando inclusive,  formas de alimenta\u00e7\u00e3o saud\u00e1vel, entre outros h\u00e1bitos fundamentais para a melhoria da qualidade de vida de adultos, crian\u00e7as e idosos.<\/p>\n","protected":false},"excerpt":{"rendered":"<p>Uma mobiliza\u00e7\u00e3o no Circuito Imperial de Esportes e Lazer, na Avenida Bar\u00e3o do Rio Branco,<\/p>\n","protected":false},"author":2,"featured_media":44940,"comment_status":"open","ping_status":"open","sticky":false,"template":"","format":"standard","meta":{"footnotes":""},"categories":[12,19,20,13],"tags":[],"class_list":["post-45766","post","type-post","status-publish","format-standard","has-post-thumbnail","hentry","category-cidade","category-educacao","category-esporte","category-saude"],"_links":{"self":[{"href":"https:\/\/tvc16.com\/portal\/wp-json\/wp\/v2\/posts\/45766","targetHints":{"allow":["GET"]}}],"collection":[{"href":"https:\/\/tvc16.com\/portal\/wp-json\/wp\/v2\/posts"}],"about":[{"href":"https:\/\/tvc16.com\/portal\/wp-json\/wp\/v2\/types\/post"}],"author":[{"embeddable":true,"href":"https:\/\/tvc16.com\/portal\/wp-json\/wp\/v2\/users\/2"}],"replies":[{"embeddable":true,"href":"https:\/\/tvc16.com\/portal\/wp-json\/wp\/v2\/comments?post=45766"}],"version-history":[{"count":1,"href":"https:\/\/tvc16.com\/portal\/wp-json\/wp\/v2\/posts\/45766\/revisions"}],"predecessor-version":[{"id":45767,"href":"https:\/\/tvc16.com\/portal\/wp-json\/wp\/v2\/posts\/45766\/revisions\/45767"}],"wp:featuredmedia":[{"embeddable":true,"href":"https:\/\/tvc16.com\/portal\/wp-json\/wp\/v2\/media\/44940"}],"wp:attachment":[{"href":"https:\/\/tvc16.com\/portal\/wp-json\/wp\/v2\/media?parent=45766"}],"wp:term":[{"taxonomy":"category","embeddable":true,"href":"https:\/\/tvc16.com\/portal\/wp-json\/wp\/v2\/categories?post=45766"},{"taxonomy":"post_tag","embeddable":true,"href":"https:\/\/tvc16.com\/portal\/wp-json\/wp\/v2\/tags?post=45766"}],"curies":[{"name":"wp","href":"https:\/\/api.w.org\/{rel}","templated":true}]}}