{"id":45768,"date":"2022-10-15T08:30:00","date_gmt":"2022-10-15T11:30:00","guid":{"rendered":"https:\/\/tvc16.com\/portal\/?p=45768"},"modified":"2022-10-14T20:34:01","modified_gmt":"2022-10-14T23:34:01","slug":"prefeitura-se-reune-com-setores-do-turismo-e-comercio-para-tracar-estrategias-de-divulgacao-da-cidade","status":"publish","type":"post","link":"https:\/\/tvc16.com\/portal\/2022\/10\/15\/prefeitura-se-reune-com-setores-do-turismo-e-comercio-para-tracar-estrategias-de-divulgacao-da-cidade\/","title":{"rendered":"Prefeitura se re\u00fane com setores do Turismo e Com\u00e9rcio para tra\u00e7ar estrat\u00e9gias de divulga\u00e7\u00e3o da cidade"},"content":{"rendered":"\n<p>Na tarde da \u00faltima quinta-feira, 13, representantes da Prefeitura e de entidades ligadas as \u00e1reas do turismo e com\u00e9rcio de Petr\u00f3polis se reuniram para pensar estrat\u00e9gias de a\u00e7\u00e3o para a divulga\u00e7\u00e3o da cidade e dos eventos. A pr\u00f3xima grande festa de Petr\u00f3polis, \u00e9 o Natal Imperial, que come\u00e7a no dia 30 de novembro e vai at\u00e9 8 de janeiro, com programa\u00e7\u00e3o em v\u00e1rios pontos.<\/p>\n\n\n\n<p>A reuni\u00e3o contou com a presen\u00e7a de representantes do Petr\u00f3polis Convention &amp; Visitors Bureau, C\u00e2mara de Dirigentes Lojistas, Associa\u00e7\u00e3o Brasileira de Ind\u00fastrias e Hot\u00e9is, Associa\u00e7\u00e3o de Guias de Turismo de Petr\u00f3polis, AssociEventos, entre outras institui\u00e7\u00f5es ligadas as \u00e1reas de turismo e com\u00e9rcio.<\/p>\n\n\n\n<p>O presidente do Sindicato do Com\u00e9rcio Varejista de Petr\u00f3polis, Marcelo Fiorini, confirmou a edi\u00e7\u00e3o de 2022 do Natal do Sesc, realizado no Pal\u00e1cio Quitandinha. Segundo ele, a expectativa \u00e9 de que a festa seja maior que a de 2021, destacando que o per\u00edodo \u00e9 de suma import\u00e2ncia para a recupera\u00e7\u00e3o economica da cidade. Fiorini informou ainda que os principais pontos de com\u00e9rcio da cidade, como a Rua do Imperador, Rua Teresa e 16 de Mar\u00e7o receber\u00e3o ilumina\u00e7\u00e3o diferenciada.<\/p>\n\n\n\n<p>Durante a reuni\u00e3o foi discutido ainda um plano estrat\u00e9gico de a\u00e7\u00f5es, pensando no per\u00edodo do ver\u00e3o. O secret\u00e1rio de Defesa Civil Gil Kempers, apresentou as a\u00e7\u00f5es de preven\u00e7\u00e3o que j\u00e1 est\u00e3o sendo implementadas e outras j\u00e1 com data para come\u00e7ar. <\/p>\n\n\n\n<p>Esta \u00e9 uma preocupa\u00e7\u00e3o da prefeitura e do trade tur\u00edstico. A m\u00eddia positiva come\u00e7a a ser trabalhada n\u00e3o s\u00f3 para dentro da cidade, mas, principalmente, para fora. \u201cA divulga\u00e7\u00e3o da cidade e dos eventos com anteced\u00eancia faz com que as pessoas possam se organizar pensando naquelas datas, o que, consequentemente, traz mais turistas para a nossa cidade\u201d, refor\u00e7ou o presidente do PCVB, Fabiano Barros.<\/p>\n\n\n\n<p>Para o Natal Imperial, foi lan\u00e7ado este m\u00eas o edital para contratar a empresa que vai captar patroc\u00ednios para as atra\u00e7\u00f5es. Em breve, outras concorr\u00eancias para a realiza\u00e7\u00e3o da festa ser\u00e3o publicadas. Al\u00e9m disso, a Prefeitura elaborou um plano de m\u00eddia, com objetivo de dar maior visibilidade \u00e0 festa.<\/p>\n\n\n\n<p>A secret\u00e1ria de Turismo Silvia Guedon salientou que antes do Natal Imperial, a Prefeitura de Petr\u00f3polis realiza ainda a festa Ubuntu, na Semana da Consci\u00eancia Negra, por ocasi\u00e3o do dia 20 de novembro.<\/p>\n","protected":false},"excerpt":{"rendered":"<p>Na tarde da \u00faltima quinta-feira, 13, representantes da Prefeitura e de entidades ligadas as \u00e1reas<\/p>\n","protected":false},"author":2,"featured_media":45769,"comment_status":"open","ping_status":"open","sticky":false,"template":"","format":"standard","meta":{"footnotes":""},"categories":[12,21,264,18,15],"tags":[],"class_list":["post-45768","post","type-post","status-publish","format-standard","has-post-thumbnail","hentry","category-cidade","category-cultura","category-destaque","category-economia","category-politica"],"_links":{"self":[{"href":"https:\/\/tvc16.com\/portal\/wp-json\/wp\/v2\/posts\/45768","targetHints":{"allow":["GET"]}}],"collection":[{"href":"https:\/\/tvc16.com\/portal\/wp-json\/wp\/v2\/posts"}],"about":[{"href":"https:\/\/tvc16.com\/portal\/wp-json\/wp\/v2\/types\/post"}],"author":[{"embeddable":true,"href":"https:\/\/tvc16.com\/portal\/wp-json\/wp\/v2\/users\/2"}],"replies":[{"embeddable":true,"href":"https:\/\/tvc16.com\/portal\/wp-json\/wp\/v2\/comments?post=45768"}],"version-history":[{"count":1,"href":"https:\/\/tvc16.com\/portal\/wp-json\/wp\/v2\/posts\/45768\/revisions"}],"predecessor-version":[{"id":45770,"href":"https:\/\/tvc16.com\/portal\/wp-json\/wp\/v2\/posts\/45768\/revisions\/45770"}],"wp:featuredmedia":[{"embeddable":true,"href":"https:\/\/tvc16.com\/portal\/wp-json\/wp\/v2\/media\/45769"}],"wp:attachment":[{"href":"https:\/\/tvc16.com\/portal\/wp-json\/wp\/v2\/media?parent=45768"}],"wp:term":[{"taxonomy":"category","embeddable":true,"href":"https:\/\/tvc16.com\/portal\/wp-json\/wp\/v2\/categories?post=45768"},{"taxonomy":"post_tag","embeddable":true,"href":"https:\/\/tvc16.com\/portal\/wp-json\/wp\/v2\/tags?post=45768"}],"curies":[{"name":"wp","href":"https:\/\/api.w.org\/{rel}","templated":true}]}}