{"id":45774,"date":"2022-10-15T07:30:00","date_gmt":"2022-10-15T10:30:00","guid":{"rendered":"https:\/\/tvc16.com\/portal\/?p=45774"},"modified":"2022-10-14T21:04:04","modified_gmt":"2022-10-15T00:04:04","slug":"professores-terao-acesso-gratuito-a-pontos-turisticos-neste-sabado","status":"publish","type":"post","link":"https:\/\/tvc16.com\/portal\/2022\/10\/15\/professores-terao-acesso-gratuito-a-pontos-turisticos-neste-sabado\/","title":{"rendered":"Professores ter\u00e3o acesso gratuito a pontos tur\u00edsticos neste s\u00e1bado"},"content":{"rendered":"\n<p>Show com a Tribo de Gonzaga faz parte das comemora\u00e7\u00f5es.<\/p>\n\n\n\n<p>Neste s\u00e1bado, 15, \u00e9 comemorado o Dia do Professor. Alguns atrativos tur\u00edsticos estar\u00e3o com entrada gratuita para professores e professoras de Petr\u00f3polis, mediante comprova\u00e7\u00e3o.<\/p>\n\n\n\n<p>O Museu do Artesanato, \u00e9 um deles, e estar\u00e1 aberto das 11h \u00e0s 17h. A Casa de Petr\u00f3polis Instituto de Cultura tamb\u00e9m abre as portas para os mestres, das 10h \u00e0s 16h. Por \u00faltimo, a Casa da Princesa Isabel, que recebe a Exposi\u00e7\u00e3o Coragem e F\u00e9 estar\u00e1 aberta das 10h \u00e0s 13h e das 14h15 \u00e0s 18h.<\/p>\n\n\n\n<p>Tamb\u00e9m no s\u00e1bado, em homenagem aos professores e professoras, a Prefeitura, por meio da Secretaria de Educa\u00e7\u00e3o e do Instituto Municipal de Cultural (IMC), promove um show gratuito na Pra\u00e7a da Liberdade, com a Tribo de Gonzaga, a partir das 17h.<\/p>\n","protected":false},"excerpt":{"rendered":"<p>Show com a Tribo de Gonzaga faz parte das comemora\u00e7\u00f5es. Neste s\u00e1bado, 15, \u00e9 comemorado<\/p>\n","protected":false},"author":2,"featured_media":45775,"comment_status":"open","ping_status":"open","sticky":true,"template":"","format":"standard","meta":{"footnotes":""},"categories":[12,21,264,19,118],"tags":[],"class_list":["post-45774","post","type-post","status-publish","format-standard","has-post-thumbnail","hentry","category-cidade","category-cultura","category-destaque","category-educacao","category-programacao"],"_links":{"self":[{"href":"https:\/\/tvc16.com\/portal\/wp-json\/wp\/v2\/posts\/45774","targetHints":{"allow":["GET"]}}],"collection":[{"href":"https:\/\/tvc16.com\/portal\/wp-json\/wp\/v2\/posts"}],"about":[{"href":"https:\/\/tvc16.com\/portal\/wp-json\/wp\/v2\/types\/post"}],"author":[{"embeddable":true,"href":"https:\/\/tvc16.com\/portal\/wp-json\/wp\/v2\/users\/2"}],"replies":[{"embeddable":true,"href":"https:\/\/tvc16.com\/portal\/wp-json\/wp\/v2\/comments?post=45774"}],"version-history":[{"count":1,"href":"https:\/\/tvc16.com\/portal\/wp-json\/wp\/v2\/posts\/45774\/revisions"}],"predecessor-version":[{"id":45776,"href":"https:\/\/tvc16.com\/portal\/wp-json\/wp\/v2\/posts\/45774\/revisions\/45776"}],"wp:featuredmedia":[{"embeddable":true,"href":"https:\/\/tvc16.com\/portal\/wp-json\/wp\/v2\/media\/45775"}],"wp:attachment":[{"href":"https:\/\/tvc16.com\/portal\/wp-json\/wp\/v2\/media?parent=45774"}],"wp:term":[{"taxonomy":"category","embeddable":true,"href":"https:\/\/tvc16.com\/portal\/wp-json\/wp\/v2\/categories?post=45774"},{"taxonomy":"post_tag","embeddable":true,"href":"https:\/\/tvc16.com\/portal\/wp-json\/wp\/v2\/tags?post=45774"}],"curies":[{"name":"wp","href":"https:\/\/api.w.org\/{rel}","templated":true}]}}