{"id":45777,"date":"2022-10-15T13:00:00","date_gmt":"2022-10-15T16:00:00","guid":{"rendered":"https:\/\/tvc16.com\/portal\/?p=45777"},"modified":"2022-10-14T22:06:51","modified_gmt":"2022-10-15T01:06:51","slug":"camara-aprova-projeto-que-visa-a-autonomia-financeir-e-empregabilidade-da-mulher-em-situaca-de-violencia-domestica-e-familiar","status":"publish","type":"post","link":"https:\/\/tvc16.com\/portal\/2022\/10\/15\/camara-aprova-projeto-que-visa-a-autonomia-financeir-e-empregabilidade-da-mulher-em-situaca-de-violencia-domestica-e-familiar\/","title":{"rendered":"Projeto que visa a autonomia financeira e empregabilidade da mulher em situa\u00e7\u00e3o de viol\u00eancia dom\u00e9stica e familiar \u00e9 aprovado em Petr\u00f3polis"},"content":{"rendered":"\n<p>Os vereadores de Petr\u00f3polis aprovaram na \u00faltima ter\u00e7a-feira (11\/10), em segunda vota\u00e7\u00e3o, projeto de lei que visa o desenvolvimento e o fortalecimento de medidas voltadas \u00e0 promo\u00e7\u00e3o da autonomia financeira e profissional de mulheres em situa\u00e7\u00e3o de viol\u00eancia dom\u00e9stica e familiar. A proposta da vereadora Gilda Beatriz (PSD), que foi denominada de \u201cPrograma Tem Sa\u00edda\u201d, teve o apoio de 11 parlamentares e agora segue para san\u00e7\u00e3o do governo municipal.<\/p>\n\n\n\n<p>A campanha tem por finalidade fomentar a autonomia financeira das mulheres; estimular a qualifica\u00e7\u00e3o e capacita\u00e7\u00e3o profissional por meio da realiza\u00e7\u00e3o de cursos e participa\u00e7\u00e3o em eventos; desenvolver a\u00e7\u00f5es e estudos com foco no empreendedorismo feminino; al\u00e9m de propiciar medidas que visem a gera\u00e7\u00e3o de emprego e renda para as mulheres que sofreram qualquer tipo de viol\u00eancia, j\u00e1 que muitas permanecem em situa\u00e7\u00e3o de viol\u00eancia por conta da depend\u00eancia econ\u00f4mica. <\/p>\n\n\n\n<p>O projeto foi votado em Petr\u00f3polis em data oportuna, tendo em vista que na segunda-feira, dia 10 de outubro, foi comemorado Dia Nacional de Luta contra a Viol\u00eancia \u00e0 Mulher. Segundo dados oficiais, mais de 500 mulheres s\u00e3o agredidas fisicamente a cada hora e, a cada duas horas uma mulher \u00e9 assassinada no pa\u00eds, a maioria por homens com quem as mesmas mant\u00eam v\u00ednculo afetivo. Tal fato coloca o Brasil na quinta posi\u00e7\u00e3o em um ranking de feminic\u00eddio mundial.<\/p>\n","protected":false},"excerpt":{"rendered":"<p>Os vereadores de Petr\u00f3polis aprovaram na \u00faltima ter\u00e7a-feira (11\/10), em segunda vota\u00e7\u00e3o, projeto de lei<\/p>\n","protected":false},"author":2,"featured_media":17753,"comment_status":"open","ping_status":"open","sticky":false,"template":"","format":"standard","meta":{"footnotes":""},"categories":[12,264,18,15],"tags":[],"class_list":["post-45777","post","type-post","status-publish","format-standard","has-post-thumbnail","hentry","category-cidade","category-destaque","category-economia","category-politica"],"_links":{"self":[{"href":"https:\/\/tvc16.com\/portal\/wp-json\/wp\/v2\/posts\/45777","targetHints":{"allow":["GET"]}}],"collection":[{"href":"https:\/\/tvc16.com\/portal\/wp-json\/wp\/v2\/posts"}],"about":[{"href":"https:\/\/tvc16.com\/portal\/wp-json\/wp\/v2\/types\/post"}],"author":[{"embeddable":true,"href":"https:\/\/tvc16.com\/portal\/wp-json\/wp\/v2\/users\/2"}],"replies":[{"embeddable":true,"href":"https:\/\/tvc16.com\/portal\/wp-json\/wp\/v2\/comments?post=45777"}],"version-history":[{"count":2,"href":"https:\/\/tvc16.com\/portal\/wp-json\/wp\/v2\/posts\/45777\/revisions"}],"predecessor-version":[{"id":45785,"href":"https:\/\/tvc16.com\/portal\/wp-json\/wp\/v2\/posts\/45777\/revisions\/45785"}],"wp:featuredmedia":[{"embeddable":true,"href":"https:\/\/tvc16.com\/portal\/wp-json\/wp\/v2\/media\/17753"}],"wp:attachment":[{"href":"https:\/\/tvc16.com\/portal\/wp-json\/wp\/v2\/media?parent=45777"}],"wp:term":[{"taxonomy":"category","embeddable":true,"href":"https:\/\/tvc16.com\/portal\/wp-json\/wp\/v2\/categories?post=45777"},{"taxonomy":"post_tag","embeddable":true,"href":"https:\/\/tvc16.com\/portal\/wp-json\/wp\/v2\/tags?post=45777"}],"curies":[{"name":"wp","href":"https:\/\/api.w.org\/{rel}","templated":true}]}}