{"id":45781,"date":"2022-10-15T15:00:00","date_gmt":"2022-10-15T18:00:00","guid":{"rendered":"https:\/\/tvc16.com\/portal\/?p=45781"},"modified":"2022-10-14T22:03:42","modified_gmt":"2022-10-15T01:03:42","slug":"programa-terceira-idade-busca-apoiar-e-incentivar-pessoas-idosas-no-mercado-de-trabalho","status":"publish","type":"post","link":"https:\/\/tvc16.com\/portal\/2022\/10\/15\/programa-terceira-idade-busca-apoiar-e-incentivar-pessoas-idosas-no-mercado-de-trabalho\/","title":{"rendered":"Programa Terceira Idade busca apoiar e incentivar pessoas idosas no mercado de trabalho"},"content":{"rendered":"\n<p>Projeto &#8220;Programa Terceira Idade\u201d, aprovado em Petr\u00f3polis, tem como objetivo incentivar e inserir pessoas idosas no mercado de trabalho. A proposta, de autoria do vereador J\u00fanior Coruja, est\u00e1 prevista na Lei n\u00ba 8.425, publicada no Di\u00e1rio Oficial do Munic\u00edpio em 7 de outubro de 2022.<\/p>\n\n\n\n<p>A lei determina&nbsp;o fornecimento de cursos de capacita\u00e7\u00e3o e reciclagem profissional para idosos, a cria\u00e7\u00e3o de um cadastro \u00fanico para intermediar estes trabalhadores,  vagas no mercado de trabalho, o registro de idosos que exer\u00e7am atividade aut\u00f4noma e o incentivo ao trabalho volunt\u00e1rio.<\/p>\n\n\n\n<p>De acordo com a Lei, o poder p\u00fablico poder\u00e1 celebrar conv\u00eanios, acordo de coopera\u00e7\u00e3o e protocolos de inten\u00e7\u00f5es com organiza\u00e7\u00f5es da sociedade civil, institui\u00e7\u00f5es de ensinos nacionais e internacionais, p\u00fablicas ou privadas, empresas e entidades do servi\u00e7o social aut\u00f4nomo.<\/p>\n\n\n\n<p>O vereador J\u00fanior Coruja explicou que ainda existe muito preconceito com rela\u00e7\u00e3o \u00e0 manuten\u00e7\u00e3o desses profissionais no mercado de trabalho, bem como com a contrata\u00e7\u00e3o destes trabalhadores e sinaliza que a falta de assist\u00eancia e de suporte para qualificar pessoas idosas frente \u00e0s novas tecnologias, acaba por deixar uma enorme parcela da popula\u00e7\u00e3o \u00e0 margem das cadeias produtivas, apesar da sua experi\u00eancia e capacidade. <\/p>\n","protected":false},"excerpt":{"rendered":"<p>Projeto &#8220;Programa Terceira Idade\u201d, aprovado em Petr\u00f3polis, tem como objetivo incentivar e inserir pessoas idosas<\/p>\n","protected":false},"author":2,"featured_media":45782,"comment_status":"open","ping_status":"open","sticky":true,"template":"","format":"standard","meta":{"footnotes":""},"categories":[12,264,18,19,15],"tags":[],"class_list":["post-45781","post","type-post","status-publish","format-standard","has-post-thumbnail","hentry","category-cidade","category-destaque","category-economia","category-educacao","category-politica"],"_links":{"self":[{"href":"https:\/\/tvc16.com\/portal\/wp-json\/wp\/v2\/posts\/45781","targetHints":{"allow":["GET"]}}],"collection":[{"href":"https:\/\/tvc16.com\/portal\/wp-json\/wp\/v2\/posts"}],"about":[{"href":"https:\/\/tvc16.com\/portal\/wp-json\/wp\/v2\/types\/post"}],"author":[{"embeddable":true,"href":"https:\/\/tvc16.com\/portal\/wp-json\/wp\/v2\/users\/2"}],"replies":[{"embeddable":true,"href":"https:\/\/tvc16.com\/portal\/wp-json\/wp\/v2\/comments?post=45781"}],"version-history":[{"count":2,"href":"https:\/\/tvc16.com\/portal\/wp-json\/wp\/v2\/posts\/45781\/revisions"}],"predecessor-version":[{"id":45784,"href":"https:\/\/tvc16.com\/portal\/wp-json\/wp\/v2\/posts\/45781\/revisions\/45784"}],"wp:featuredmedia":[{"embeddable":true,"href":"https:\/\/tvc16.com\/portal\/wp-json\/wp\/v2\/media\/45782"}],"wp:attachment":[{"href":"https:\/\/tvc16.com\/portal\/wp-json\/wp\/v2\/media?parent=45781"}],"wp:term":[{"taxonomy":"category","embeddable":true,"href":"https:\/\/tvc16.com\/portal\/wp-json\/wp\/v2\/categories?post=45781"},{"taxonomy":"post_tag","embeddable":true,"href":"https:\/\/tvc16.com\/portal\/wp-json\/wp\/v2\/tags?post=45781"}],"curies":[{"name":"wp","href":"https:\/\/api.w.org\/{rel}","templated":true}]}}