{"id":45786,"date":"2022-10-17T07:30:00","date_gmt":"2022-10-17T10:30:00","guid":{"rendered":"https:\/\/tvc16.com\/portal\/?p=45786"},"modified":"2022-10-14T22:19:26","modified_gmt":"2022-10-15T01:19:26","slug":"dia-do-comerciario-e-comemorado-nesta-segunda-feira-17","status":"publish","type":"post","link":"https:\/\/tvc16.com\/portal\/2022\/10\/17\/dia-do-comerciario-e-comemorado-nesta-segunda-feira-17\/","title":{"rendered":"Dia do comerci\u00e1rio \u00e9 comemorado nesta segunda-feira (17)"},"content":{"rendered":"\n<p><em>Richard Stoltzenburg<\/em><\/p>\n\n\n\n<p>A semana come\u00e7a em Petr\u00f3polis com lojas fechadas nesta segunda-feira, 17, feriado dos comerci\u00e1rios. Apesar da data oficial ser no dia 30 de outubro, na cidade, o dia do comerci\u00e1rio \u00e9 comemorado na 3\u00ba segunda-feira do m\u00eas.<\/p>\n\n\n\n<p>No munic\u00edpio, de acordo com o sindicato, s\u00e3o mais de 10 mil profissionais distribuidos nos cinco distritos. Por ser um feriado n\u00e3o negoci\u00e1vel, como no natal e ano novo, o com\u00e9rcio n\u00e3o pode funcionar. De acordo com Ernane Magalh\u00e3es, presidente do Sindicato dos Comerci\u00e1rios, \u00e9 um momento de alegria. \u201cN\u00f3s j\u00e1 comemoramos a data h\u00e1 mais de 30 anos e \u00e9 um dia para estamos com a fam\u00edlia e aproveitarmos essa celebra\u00e7\u00e3o. N\u00f3s seguiremos na luta pela categoria como sempre fizemos\u201d, informou.<\/p>\n\n\n\n<p>O setor foi um dos impactados por conta da pandemia e depois devido as chuvas que atingiram a cidade. De acordo com Lucimar Freitas, aos poucos o setor est\u00e1 retomando as atividades. \u201cAt\u00e9 hoje muitos ainda sentem os impactos. Aqui na loja por exemplo, n\u00e3o tivemos incentivo nenhum. Mas com a troca da esta\u00e7\u00e3o aos poucos vamos retornando \u00e0 normalidade\u201d, comentou Lucimar, que trabalha em uma loja que est\u00e1 no centro da cidade h\u00e1 pelo menos 10 anos.<\/p>\n\n\n\n<p>De acordo com o Sicom\u00e9rcio, o seguimento volta ao seu hr\u00e1rio normal na ter\u00e7a-feira, 18, normalmente.<\/p>\n","protected":false},"excerpt":{"rendered":"<p>Richard Stoltzenburg A semana come\u00e7a em Petr\u00f3polis com lojas fechadas nesta segunda-feira, 17, feriado dos<\/p>\n","protected":false},"author":2,"featured_media":45787,"comment_status":"open","ping_status":"open","sticky":true,"template":"","format":"standard","meta":{"footnotes":""},"categories":[12,264,18],"tags":[],"class_list":["post-45786","post","type-post","status-publish","format-standard","has-post-thumbnail","hentry","category-cidade","category-destaque","category-economia"],"_links":{"self":[{"href":"https:\/\/tvc16.com\/portal\/wp-json\/wp\/v2\/posts\/45786","targetHints":{"allow":["GET"]}}],"collection":[{"href":"https:\/\/tvc16.com\/portal\/wp-json\/wp\/v2\/posts"}],"about":[{"href":"https:\/\/tvc16.com\/portal\/wp-json\/wp\/v2\/types\/post"}],"author":[{"embeddable":true,"href":"https:\/\/tvc16.com\/portal\/wp-json\/wp\/v2\/users\/2"}],"replies":[{"embeddable":true,"href":"https:\/\/tvc16.com\/portal\/wp-json\/wp\/v2\/comments?post=45786"}],"version-history":[{"count":1,"href":"https:\/\/tvc16.com\/portal\/wp-json\/wp\/v2\/posts\/45786\/revisions"}],"predecessor-version":[{"id":45788,"href":"https:\/\/tvc16.com\/portal\/wp-json\/wp\/v2\/posts\/45786\/revisions\/45788"}],"wp:featuredmedia":[{"embeddable":true,"href":"https:\/\/tvc16.com\/portal\/wp-json\/wp\/v2\/media\/45787"}],"wp:attachment":[{"href":"https:\/\/tvc16.com\/portal\/wp-json\/wp\/v2\/media?parent=45786"}],"wp:term":[{"taxonomy":"category","embeddable":true,"href":"https:\/\/tvc16.com\/portal\/wp-json\/wp\/v2\/categories?post=45786"},{"taxonomy":"post_tag","embeddable":true,"href":"https:\/\/tvc16.com\/portal\/wp-json\/wp\/v2\/tags?post=45786"}],"curies":[{"name":"wp","href":"https:\/\/api.w.org\/{rel}","templated":true}]}}