{"id":45789,"date":"2022-10-16T17:30:00","date_gmt":"2022-10-16T20:30:00","guid":{"rendered":"https:\/\/tvc16.com\/portal\/?p=45789"},"modified":"2022-10-14T22:26:06","modified_gmt":"2022-10-15T01:26:06","slug":"espetaculo-diario-do-ultimo-ato-chega-a-macae-nos-dias-19-20-e-21-de-outubro","status":"publish","type":"post","link":"https:\/\/tvc16.com\/portal\/2022\/10\/16\/espetaculo-diario-do-ultimo-ato-chega-a-macae-nos-dias-19-20-e-21-de-outubro\/","title":{"rendered":"Espet\u00e1culo \u201cDi\u00e1rio do \u00faltimo ato\u201d chega \u00e0 Maca\u00e9 nos dias 19, 20 e 21 de outubro"},"content":{"rendered":"\n<p>A pe\u00e7a apresenta os \u00faltimos momentos da vida da poeta portuguesa Florbela Espanca<\/p>\n\n\n\n<p>Nos dias 19, 20 e 21 de outubro, sempre \u00e0s 18h30, o Solar dos Mellos, no Centro de Maca\u00e9, recebe o espet\u00e1culo o \u201cDi\u00e1rio do \u00faltimo ato\u201d, da Cia Pl\u00fambea, que convida o p\u00fablico a presenciar os \u00faltimos momentos de vida de Florbela Espanca, um dos nomes mais importantes da literatura portuguesa. A dramaturgia de Ronaldo Ventura \u00e9 inspirada em cartas e di\u00e1rios da poeta e a atriz Ana Cecilia Reis promove um encontro \u00edntimo com a plateia. Os ingressos j\u00e1 est\u00e3o dispon\u00edveis para serem retirados gratuitamente pelo link https:\/\/www.sympla.com.br\/evento\/diario-do-ultimo-ato-em-macae-rj\/1721576. A classifica\u00e7\u00e3o et\u00e1ria \u00e9 de 14 anos.<\/p>\n\n\n\n<figure class=\"wp-block-image size-large\"><img loading=\"lazy\" decoding=\"async\" width=\"1024\" height=\"574\" src=\"https:\/\/tvc16.com\/portal\/wp-content\/uploads\/2022\/10\/WhatsApp-Image-2022-10-14-at-13.30.34-1024x574.jpeg\" alt=\"\" class=\"wp-image-45791\" srcset=\"https:\/\/tvc16.com\/portal\/wp-content\/uploads\/2022\/10\/WhatsApp-Image-2022-10-14-at-13.30.34-1024x574.jpeg 1024w, https:\/\/tvc16.com\/portal\/wp-content\/uploads\/2022\/10\/WhatsApp-Image-2022-10-14-at-13.30.34-300x168.jpeg 300w, https:\/\/tvc16.com\/portal\/wp-content\/uploads\/2022\/10\/WhatsApp-Image-2022-10-14-at-13.30.34-768x431.jpeg 768w, https:\/\/tvc16.com\/portal\/wp-content\/uploads\/2022\/10\/WhatsApp-Image-2022-10-14-at-13.30.34.jpeg 1280w\" sizes=\"auto, (max-width: 1024px) 100vw, 1024px\" \/><\/figure>\n\n\n\n<p>\u201cAo me deparar com os textos \u00edntimos de Florbela Espanca fiquei muito emocionada, \u00e9 impressionante como os pensamentos e sentimentos de uma mulher dos anos 1920 podem refletir ainda hoje em cada uma de n\u00f3s\u201d, revela Ana Cec\u00edlia.<\/p>\n\n\n\n<p>Quando Florbela trancou-se no quarto nas primeiras horas de 08 de dezembro de 1930, no dia do seu anivers\u00e1rio de 36 anos, deixou a recomenda\u00e7\u00e3o de que n\u00e3o fosse incomodada at\u00e9 a manh\u00e3 seguinte. De fato, nenhuma pessoa o fez, nunca mais. Naquela madrugada, deitada na cama, sem \u2018haver gestos novos nem palavras novas\u2019 ela se suicidou ingerindo dois frascos do barbit\u00farico Veronal. Os momentos finais que separam o primeiro comprimido ingerido de seu \u00faltimo suspiro prometem tocar o p\u00fablico presente de forma po\u00e9tica.<\/p>\n\n\n\n<figure class=\"wp-block-image size-large\"><img loading=\"lazy\" decoding=\"async\" width=\"682\" height=\"1024\" src=\"https:\/\/tvc16.com\/portal\/wp-content\/uploads\/2022\/10\/WhatsApp-Image-2022-10-14-at-13.30.36-682x1024.jpeg\" alt=\"\" class=\"wp-image-45792\" srcset=\"https:\/\/tvc16.com\/portal\/wp-content\/uploads\/2022\/10\/WhatsApp-Image-2022-10-14-at-13.30.36-682x1024.jpeg 682w, https:\/\/tvc16.com\/portal\/wp-content\/uploads\/2022\/10\/WhatsApp-Image-2022-10-14-at-13.30.36-200x300.jpeg 200w, https:\/\/tvc16.com\/portal\/wp-content\/uploads\/2022\/10\/WhatsApp-Image-2022-10-14-at-13.30.36-768x1152.jpeg 768w, https:\/\/tvc16.com\/portal\/wp-content\/uploads\/2022\/10\/WhatsApp-Image-2022-10-14-at-13.30.36.jpeg 853w\" sizes=\"auto, (max-width: 682px) 100vw, 682px\" \/><\/figure>\n\n\n\n<p>\u201cEste espet\u00e1culo \u00e9 uma homenagem a essa mulher brilhante. Percebo um encantamento da plateia ao adentrar em seus pensamentos, conhecendo quem foi Florbela Espanca para al\u00e9m de suas obras. \u00c9 tamb\u00e9m uma forma de apresent\u00e1-la para as novas gera\u00e7\u00f5es de forma afetiva, difundindo o amor pela literatura, especialmente a poesia\u201d, conclui a Ana Cec\u00edlia Reis, que realizou uma resid\u00eancia art\u00edstica na cidade de \u00c9vora, quando a pe\u00e7a foi contemplada pela Bolsa Jovens Criadores do Centro Nacional de Cultura de Portugal e atualmente foi contemplado no Edital Retomada Cultural 2, com incentivo da Secretaria de Estado de Cultura e Economia Criativa do Rio de Janeiro.<\/p>\n\n\n\n<p>A pe\u00e7a tem atua\u00e7\u00e3o de Ana Cecilia Reis, texto e dire\u00e7\u00e3o de Ronaldo Ventura, cen\u00e1rio por Dhiego Rabelo, figurino por Patr\u00edcia Almeida, produ\u00e7\u00e3o e ilumina\u00e7\u00e3o de Paulo Barbeto, filmagem, edi\u00e7\u00e3o e fotografia de Fernanda Almeida e realiza\u00e7\u00e3o da Cia Pl\u00fambea.<\/p>\n\n\n\n<p>Conhe\u00e7a um pouco sobre a Cia Pl\u00fambea<br>A Cia Pl\u00fambea foi fundada em 2013 com objetivo de uma pesquisa t\u00e9cnica e \u00e9tica do of\u00edcio de atuar. Tem como metodologia dramat\u00fargica o princ\u00edpio de autoria coletiva, a partir de um intenso treinamento com os atores e atrizes. Com circula\u00e7\u00e3o e pr\u00eamios pelo Brasil e Portugal, o interesse do grupo \u00e9 difundir suas pesquisas por meio de espet\u00e1culos, oficinas, demonstra\u00e7\u00f5es t\u00e9cnicas, interc\u00e2mbios, trocas culturais, reflex\u00f5es te\u00f3ricas e projetos itinerantes e em espa\u00e7os n\u00e3o convencionais.<\/p>\n\n\n\n<p>Servi\u00e7o<br>Espet\u00e1culo Di\u00e1rio do \u00faltimo ato<br>Endere\u00e7o: Solar dos Mellos \u2013 Rua Conde de Araruana, n\u00ba 258 \u2013 Centro \u2013 Maca\u00e9<br>Data: 19, 20 e 21 de outubro<br>Ingressos: https:\/\/www.sympla.com.br\/evento\/diario-do-ultimo-ato-em-macae-rj\/1721576<br>Informa\u00e7\u00f5es: ciaplumbea@gmail.com<br>Classifica\u00e7\u00e3o: 14 anos<\/p>\n","protected":false},"excerpt":{"rendered":"<p>A pe\u00e7a apresenta os \u00faltimos momentos da vida da poeta portuguesa Florbela Espanca Nos dias<\/p>\n","protected":false},"author":2,"featured_media":45790,"comment_status":"open","ping_status":"open","sticky":false,"template":"","format":"standard","meta":{"footnotes":""},"categories":[17],"tags":[],"class_list":["post-45789","post","type-post","status-publish","format-standard","has-post-thumbnail","hentry","category-outras-noticias"],"_links":{"self":[{"href":"https:\/\/tvc16.com\/portal\/wp-json\/wp\/v2\/posts\/45789","targetHints":{"allow":["GET"]}}],"collection":[{"href":"https:\/\/tvc16.com\/portal\/wp-json\/wp\/v2\/posts"}],"about":[{"href":"https:\/\/tvc16.com\/portal\/wp-json\/wp\/v2\/types\/post"}],"author":[{"embeddable":true,"href":"https:\/\/tvc16.com\/portal\/wp-json\/wp\/v2\/users\/2"}],"replies":[{"embeddable":true,"href":"https:\/\/tvc16.com\/portal\/wp-json\/wp\/v2\/comments?post=45789"}],"version-history":[{"count":1,"href":"https:\/\/tvc16.com\/portal\/wp-json\/wp\/v2\/posts\/45789\/revisions"}],"predecessor-version":[{"id":45793,"href":"https:\/\/tvc16.com\/portal\/wp-json\/wp\/v2\/posts\/45789\/revisions\/45793"}],"wp:featuredmedia":[{"embeddable":true,"href":"https:\/\/tvc16.com\/portal\/wp-json\/wp\/v2\/media\/45790"}],"wp:attachment":[{"href":"https:\/\/tvc16.com\/portal\/wp-json\/wp\/v2\/media?parent=45789"}],"wp:term":[{"taxonomy":"category","embeddable":true,"href":"https:\/\/tvc16.com\/portal\/wp-json\/wp\/v2\/categories?post=45789"},{"taxonomy":"post_tag","embeddable":true,"href":"https:\/\/tvc16.com\/portal\/wp-json\/wp\/v2\/tags?post=45789"}],"curies":[{"name":"wp","href":"https:\/\/api.w.org\/{rel}","templated":true}]}}