{"id":45794,"date":"2022-10-16T12:20:00","date_gmt":"2022-10-16T15:20:00","guid":{"rendered":"https:\/\/tvc16.com\/portal\/?p=45794"},"modified":"2022-10-14T22:44:14","modified_gmt":"2022-10-15T01:44:14","slug":"remocao-de-detritos-continua-em-petropolis","status":"publish","type":"post","link":"https:\/\/tvc16.com\/portal\/2022\/10\/16\/remocao-de-detritos-continua-em-petropolis\/","title":{"rendered":"Remo\u00e7\u00e3o de detritos continua em Petr\u00f3polis"},"content":{"rendered":"\n<p>A Prefeitura e o Instituo Estadual do Ambiente (Inea) avan\u00e7am na maior opera\u00e7\u00e3o de dragagem dos rios na hist\u00f3ria do munic\u00edpio. S\u00e3o 73 mil metros c\u00fabicos de sedimentos retirados dos rios e c\u00f3rregos. Agora, as interven\u00e7\u00f5es avan\u00e7am em seis pontos: Morin, Corr\u00eaas, Duarte da Silveira, Quitandinha e em dois locais da Av. Bar\u00e3o do Rio Branco.<\/p>\n\n\n\n<p>Em alguns pontos onde as interven\u00e7\u00f5es j\u00e1 foram realizadas, os rios chegaram a ganhar mais de um metro de profundidade. Com equipe especializada e com conhecimento na dragagem dos rios, a Comdep possui profissionais preparados e que conhecem muito bem os rios da cidade, explicou o prefeito.<\/p>\n\n\n\n<p>Mais 13 pontos de trabalho<\/p>\n\n\n\n<p>A libera\u00e7\u00e3o de R$ 12 milh\u00f5es em recursos do Minist\u00e9rio do Desenvolvimento Regional (MDR), que est\u00e3o sob a responsabilidade do munic\u00edpio, vai possibilitar a abertura de mais 13 frentes de trabalho para realizar a limpeza mec\u00e2nica e manual.<\/p>\n\n\n\n<p>O planejamento estrat\u00e9gico para execu\u00e7\u00e3o das a\u00e7\u00f5es ser\u00e1 distribu\u00eddo pelos seguintes trechos:<\/p>\n\n\n\n<ul class=\"wp-block-list\"><li>Rua Afr\u00e2nio de Melo Franco<\/li><li>Rua Coronel Veiga; Rua Jo\u00e3o Macedo<\/li><li>Rua Caldas Vianna;<\/li><li>Rua Conde D&#8217;Eu e Pra\u00e7a Pasteur;<\/li><li>Rua Saldanha Marinho;<\/li><li>Rua Pedro Ivo e Rua Doutor S\u00e1 Earp;<\/li><li>Rua Jo\u00e3o Xavier e Rua Bingen;<\/li><li>Rua Paulo Herv\u00ea e Avenida Piabanha;<\/li><li>Rua Ingelhein;<\/li><li>Rua Alberto de Oliveira e Rua Carlos Gomes;<\/li><li>Rua Fernandes Vieira e Rua Felipe Camar\u00e3o;<\/li><li>Rua Pedro Elmer e Rua Oliveira Bulh\u00f5es;<\/li><li>Avenida Bar\u00e3o do Rio Branco e Rua Hermog\u00eanio Silva;<\/li><li>Rodovia Presidente Kubistcheck, no Retiro, Estrada Uni\u00e3o e Ind\u00fastria e Corr\u00eaas.<\/li><\/ul>\n\n\n\n<p>As interven\u00e7\u00f5es v\u00e3o percorrer aproximadamente 17 quil\u00f4metros de extens\u00e3o dos rios e c\u00f3rregos, aprofundando a calha em mais de um metro e meio em alguns pontos e alargando as margens.<\/p>\n\n\n\n<p>Limpeza e desobstru\u00e7\u00e3o de bueiros<\/p>\n\n\n\n<p>Al\u00e9m disso, a Prefeitura informa que trabalha na limpeza e desobstru\u00e7\u00e3o dos bueiros, feito tanto de forma manual, quanto com aux\u00edlio de um caminh\u00e3o sugador. A opera\u00e7\u00e3o \u00e9 realizada em conjunto entre a Comdep e a Secretaria de Obras. As equipes j\u00e1 realizaram a limpeza de mais de dois mil bueiros desde as fortes chuvas que atingiram a cidade em 15 de fevereiro e 20 de mar\u00e7o.<\/p>\n\n\n\n<p>Termo de coopera\u00e7\u00e3o<\/p>\n\n\n\n<p>A pedido do prefeito Rubens Bomtempo, um termo de coopera\u00e7\u00e3o dever\u00e1 ser firmado entre a Prefeitura de Petr\u00f3polis e o INEA. O documento dever\u00e1 conter um cronograma de trabalho e a defini\u00e7\u00e3o sobre as responsabilidades que competem ao munic\u00edpio e o Estado.<\/p>\n","protected":false},"excerpt":{"rendered":"<p>A Prefeitura e o Instituo Estadual do Ambiente (Inea) avan\u00e7am na maior opera\u00e7\u00e3o de dragagem<\/p>\n","protected":false},"author":2,"featured_media":45795,"comment_status":"open","ping_status":"open","sticky":false,"template":"","format":"standard","meta":{"footnotes":""},"categories":[12],"tags":[],"class_list":["post-45794","post","type-post","status-publish","format-standard","has-post-thumbnail","hentry","category-cidade"],"_links":{"self":[{"href":"https:\/\/tvc16.com\/portal\/wp-json\/wp\/v2\/posts\/45794","targetHints":{"allow":["GET"]}}],"collection":[{"href":"https:\/\/tvc16.com\/portal\/wp-json\/wp\/v2\/posts"}],"about":[{"href":"https:\/\/tvc16.com\/portal\/wp-json\/wp\/v2\/types\/post"}],"author":[{"embeddable":true,"href":"https:\/\/tvc16.com\/portal\/wp-json\/wp\/v2\/users\/2"}],"replies":[{"embeddable":true,"href":"https:\/\/tvc16.com\/portal\/wp-json\/wp\/v2\/comments?post=45794"}],"version-history":[{"count":1,"href":"https:\/\/tvc16.com\/portal\/wp-json\/wp\/v2\/posts\/45794\/revisions"}],"predecessor-version":[{"id":45796,"href":"https:\/\/tvc16.com\/portal\/wp-json\/wp\/v2\/posts\/45794\/revisions\/45796"}],"wp:featuredmedia":[{"embeddable":true,"href":"https:\/\/tvc16.com\/portal\/wp-json\/wp\/v2\/media\/45795"}],"wp:attachment":[{"href":"https:\/\/tvc16.com\/portal\/wp-json\/wp\/v2\/media?parent=45794"}],"wp:term":[{"taxonomy":"category","embeddable":true,"href":"https:\/\/tvc16.com\/portal\/wp-json\/wp\/v2\/categories?post=45794"},{"taxonomy":"post_tag","embeddable":true,"href":"https:\/\/tvc16.com\/portal\/wp-json\/wp\/v2\/tags?post=45794"}],"curies":[{"name":"wp","href":"https:\/\/api.w.org\/{rel}","templated":true}]}}