{"id":45803,"date":"2022-10-15T07:45:00","date_gmt":"2022-10-15T10:45:00","guid":{"rendered":"https:\/\/tvc16.com\/portal\/?p=45803"},"modified":"2022-10-14T23:05:51","modified_gmt":"2022-10-15T02:05:51","slug":"aniversario-da-feira-agroecologica-em-paty-do-alferes-neste-sabado","status":"publish","type":"post","link":"https:\/\/tvc16.com\/portal\/2022\/10\/15\/aniversario-da-feira-agroecologica-em-paty-do-alferes-neste-sabado\/","title":{"rendered":"Anivers\u00e1rio da Feira Agroecol\u00f3gica em Paty do Alferes neste s\u00e1bado"},"content":{"rendered":"\n<p>Neste s\u00e1bado, 15, \u00e9 anivers\u00e1rio de 5 anos da Feira Agroecol\u00f3gica de Paty do Alferes e o Cultura vai a Pra\u00e7a tem apresenta\u00e7\u00f5es musicais com Grupo Caaipura, Aline Vieira e Marcelo Mour\u00e3o!<\/p>\n\n\n\n<p>E tem ainda Tardezinha na Pra\u00e7a com Geovane Chocolate, na Pra\u00e7a George Jacob Abdue.<\/p>\n\n\n\n<p>9h \u00e0s 15h: Feira de artesanato local.<\/p>\n\n\n\n<p>9h30: Apresenta\u00e7\u00e3o de moda de viola com o Grupo Caaipura.<\/p>\n\n\n\n<p>10h30: Grupo Caaipura convida Marcelo Mour\u00e3o.<\/p>\n\n\n\n<p>11h30: Grupo Caaipura convida Aline Vieira.<\/p>\n\n\n\n<p>13h: Tardezinha na Pra\u00e7a com Geovane Chocolate.<\/p>\n","protected":false},"excerpt":{"rendered":"<p>Neste s\u00e1bado, 15, \u00e9 anivers\u00e1rio de 5 anos da Feira Agroecol\u00f3gica de Paty do Alferes<\/p>\n","protected":false},"author":2,"featured_media":45804,"comment_status":"open","ping_status":"open","sticky":false,"template":"","format":"standard","meta":{"footnotes":""},"categories":[21,264,17],"tags":[],"class_list":["post-45803","post","type-post","status-publish","format-standard","has-post-thumbnail","hentry","category-cultura","category-destaque","category-outras-noticias"],"_links":{"self":[{"href":"https:\/\/tvc16.com\/portal\/wp-json\/wp\/v2\/posts\/45803","targetHints":{"allow":["GET"]}}],"collection":[{"href":"https:\/\/tvc16.com\/portal\/wp-json\/wp\/v2\/posts"}],"about":[{"href":"https:\/\/tvc16.com\/portal\/wp-json\/wp\/v2\/types\/post"}],"author":[{"embeddable":true,"href":"https:\/\/tvc16.com\/portal\/wp-json\/wp\/v2\/users\/2"}],"replies":[{"embeddable":true,"href":"https:\/\/tvc16.com\/portal\/wp-json\/wp\/v2\/comments?post=45803"}],"version-history":[{"count":1,"href":"https:\/\/tvc16.com\/portal\/wp-json\/wp\/v2\/posts\/45803\/revisions"}],"predecessor-version":[{"id":45805,"href":"https:\/\/tvc16.com\/portal\/wp-json\/wp\/v2\/posts\/45803\/revisions\/45805"}],"wp:featuredmedia":[{"embeddable":true,"href":"https:\/\/tvc16.com\/portal\/wp-json\/wp\/v2\/media\/45804"}],"wp:attachment":[{"href":"https:\/\/tvc16.com\/portal\/wp-json\/wp\/v2\/media?parent=45803"}],"wp:term":[{"taxonomy":"category","embeddable":true,"href":"https:\/\/tvc16.com\/portal\/wp-json\/wp\/v2\/categories?post=45803"},{"taxonomy":"post_tag","embeddable":true,"href":"https:\/\/tvc16.com\/portal\/wp-json\/wp\/v2\/tags?post=45803"}],"curies":[{"name":"wp","href":"https:\/\/api.w.org\/{rel}","templated":true}]}}