{"id":45806,"date":"2022-10-15T11:40:00","date_gmt":"2022-10-15T14:40:00","guid":{"rendered":"https:\/\/tvc16.com\/portal\/?p=45806"},"modified":"2022-10-14T23:13:30","modified_gmt":"2022-10-15T02:13:30","slug":"professores-e-equipe-tecnica-pedagogica-de-paraiba-do-sul-recebem-curso-de-capacitacao","status":"publish","type":"post","link":"https:\/\/tvc16.com\/portal\/2022\/10\/15\/professores-e-equipe-tecnica-pedagogica-de-paraiba-do-sul-recebem-curso-de-capacitacao\/","title":{"rendered":"Professores e equipe tecnica pedag\u00f3gica de Paraiba do Sul recebem curso de capacita\u00e7\u00e3o"},"content":{"rendered":"\n<p>A Secretaria de Educa\u00e7\u00e3o de Para\u00edba do Sul ofereceu, na tarde de quinta-feira (13), na Escola M. Andrade Figueira, uma capacita\u00e7\u00e3o para os professores e toda equipe t\u00e9cnica pedag\u00f3gica da rede municipal.<\/p>\n\n\n\n<p>O curso faz parte do Projeto III Caravana da Leitura, do Autor Fluminense e tem como objetivo contribuir para a melhoria da educa\u00e7\u00e3o e incentivar o gosto pela leitura, atrav\u00e9s da conta\u00e7\u00e3o de hist\u00f3rias e oficinas liter\u00e1rias, bem como divulgar os autores fluminenses e suas obras junto ao p\u00fablico infantil.<\/p>\n\n\n\n<p>A aula teve dura\u00e7\u00e3o de quatro horas e foi ministrada pelo Coordenador e idealizador do projeto, Raimundo Moreira. Na segunda fase o munic\u00edpio receber\u00e1 uma manh\u00e3 de atividades l\u00fadicas e liter\u00e1rias em uma escola da rede p\u00fablica, que receber\u00e1 uma doa\u00e7\u00e3o de 100 livros dos autores fluminenses.<\/p>\n\n\n\n<p>\u201cReconhecer esse sentido narrativo em nossa humanidade nos levar\u00e1 ao belo e \u00e0 plenitude de nossa bondade. No percurso dos nossos encontros, buscaremos responder \u00e0 pergunta que esse tema nos suscita, ou quem sabe fazer outras perguntas. Percorremos as veredas das nossas mem\u00f3rias, do que nos faz falar e sentir ou sentir e falar. Ouviremos e contaremos as hist\u00f3rias que est\u00e3o adormecidas no mais \u00edntimo de n\u00f3s.\u201d \u2013 conta Raimundo.<\/p>\n","protected":false},"excerpt":{"rendered":"<p>A Secretaria de Educa\u00e7\u00e3o de Para\u00edba do Sul ofereceu, na tarde de quinta-feira (13), na<\/p>\n","protected":false},"author":2,"featured_media":45807,"comment_status":"open","ping_status":"open","sticky":false,"template":"","format":"standard","meta":{"footnotes":""},"categories":[21,19,17],"tags":[],"class_list":["post-45806","post","type-post","status-publish","format-standard","has-post-thumbnail","hentry","category-cultura","category-educacao","category-outras-noticias"],"_links":{"self":[{"href":"https:\/\/tvc16.com\/portal\/wp-json\/wp\/v2\/posts\/45806","targetHints":{"allow":["GET"]}}],"collection":[{"href":"https:\/\/tvc16.com\/portal\/wp-json\/wp\/v2\/posts"}],"about":[{"href":"https:\/\/tvc16.com\/portal\/wp-json\/wp\/v2\/types\/post"}],"author":[{"embeddable":true,"href":"https:\/\/tvc16.com\/portal\/wp-json\/wp\/v2\/users\/2"}],"replies":[{"embeddable":true,"href":"https:\/\/tvc16.com\/portal\/wp-json\/wp\/v2\/comments?post=45806"}],"version-history":[{"count":1,"href":"https:\/\/tvc16.com\/portal\/wp-json\/wp\/v2\/posts\/45806\/revisions"}],"predecessor-version":[{"id":45808,"href":"https:\/\/tvc16.com\/portal\/wp-json\/wp\/v2\/posts\/45806\/revisions\/45808"}],"wp:featuredmedia":[{"embeddable":true,"href":"https:\/\/tvc16.com\/portal\/wp-json\/wp\/v2\/media\/45807"}],"wp:attachment":[{"href":"https:\/\/tvc16.com\/portal\/wp-json\/wp\/v2\/media?parent=45806"}],"wp:term":[{"taxonomy":"category","embeddable":true,"href":"https:\/\/tvc16.com\/portal\/wp-json\/wp\/v2\/categories?post=45806"},{"taxonomy":"post_tag","embeddable":true,"href":"https:\/\/tvc16.com\/portal\/wp-json\/wp\/v2\/tags?post=45806"}],"curies":[{"name":"wp","href":"https:\/\/api.w.org\/{rel}","templated":true}]}}