{"id":45813,"date":"2022-10-16T11:00:00","date_gmt":"2022-10-16T14:00:00","guid":{"rendered":"https:\/\/tvc16.com\/portal\/?p=45813"},"modified":"2022-10-14T23:50:39","modified_gmt":"2022-10-15T02:50:39","slug":"multivacinacao-itinerante-campanha-sera-em-olaria-na-proxima-semana","status":"publish","type":"post","link":"https:\/\/tvc16.com\/portal\/2022\/10\/16\/multivacinacao-itinerante-campanha-sera-em-olaria-na-proxima-semana\/","title":{"rendered":"Multivacina\u00e7\u00e3o Itinerante: Campanha ser\u00e1 em Olaria na pr\u00f3xima semana"},"content":{"rendered":"\n<p>A multivacina\u00e7\u00e3o itinerante retorna nesta semana no bairro Olaria. A Secretaria Municipal de Sa\u00fade da Prefeitura de Nova Friburgo, atrav\u00e9s da Coordena\u00e7\u00e3o de Imuniza\u00e7\u00e3o, levar\u00e1 mais de 18 vacinas para todas as idades, especialmente \u00e0s crian\u00e7as, que s\u00e3o as protagonistas desta campanha. Dentre os imunizantes est\u00e3o covid-19, influenza, contra a poliomielite, meningite, hepatite, febre amarela e outros.&nbsp;<\/p>\n\n\n\n<p>Confira os dias e locais: na ter\u00e7a-feira, 18, na Estrat\u00e9gia de Sa\u00fade da Fam\u00edlia Olaria II, que fica na Rua Esp\u00edrito Santo, 9, e na quinta, 20, na Estrat\u00e9gia de Sa\u00fade da Fam\u00edlia Olaria III, situada na Rua Augusto Nicolau Rodrigues, 59.<\/p>\n","protected":false},"excerpt":{"rendered":"<p>A multivacina\u00e7\u00e3o itinerante retorna nesta semana no bairro Olaria. A Secretaria Municipal de Sa\u00fade da<\/p>\n","protected":false},"author":2,"featured_media":45814,"comment_status":"open","ping_status":"open","sticky":false,"template":"","format":"standard","meta":{"footnotes":""},"categories":[17,13],"tags":[],"class_list":["post-45813","post","type-post","status-publish","format-standard","has-post-thumbnail","hentry","category-outras-noticias","category-saude"],"_links":{"self":[{"href":"https:\/\/tvc16.com\/portal\/wp-json\/wp\/v2\/posts\/45813","targetHints":{"allow":["GET"]}}],"collection":[{"href":"https:\/\/tvc16.com\/portal\/wp-json\/wp\/v2\/posts"}],"about":[{"href":"https:\/\/tvc16.com\/portal\/wp-json\/wp\/v2\/types\/post"}],"author":[{"embeddable":true,"href":"https:\/\/tvc16.com\/portal\/wp-json\/wp\/v2\/users\/2"}],"replies":[{"embeddable":true,"href":"https:\/\/tvc16.com\/portal\/wp-json\/wp\/v2\/comments?post=45813"}],"version-history":[{"count":1,"href":"https:\/\/tvc16.com\/portal\/wp-json\/wp\/v2\/posts\/45813\/revisions"}],"predecessor-version":[{"id":45815,"href":"https:\/\/tvc16.com\/portal\/wp-json\/wp\/v2\/posts\/45813\/revisions\/45815"}],"wp:featuredmedia":[{"embeddable":true,"href":"https:\/\/tvc16.com\/portal\/wp-json\/wp\/v2\/media\/45814"}],"wp:attachment":[{"href":"https:\/\/tvc16.com\/portal\/wp-json\/wp\/v2\/media?parent=45813"}],"wp:term":[{"taxonomy":"category","embeddable":true,"href":"https:\/\/tvc16.com\/portal\/wp-json\/wp\/v2\/categories?post=45813"},{"taxonomy":"post_tag","embeddable":true,"href":"https:\/\/tvc16.com\/portal\/wp-json\/wp\/v2\/tags?post=45813"}],"curies":[{"name":"wp","href":"https:\/\/api.w.org\/{rel}","templated":true}]}}