{"id":45816,"date":"2022-10-17T09:15:00","date_gmt":"2022-10-17T12:15:00","guid":{"rendered":"https:\/\/tvc16.com\/portal\/?p=45816"},"modified":"2022-10-14T23:57:23","modified_gmt":"2022-10-15T02:57:23","slug":"festival-teuto-de-educacao-cultura-e-esporte-de-nova-friburgo-inicia-terca-18","status":"publish","type":"post","link":"https:\/\/tvc16.com\/portal\/2022\/10\/17\/festival-teuto-de-educacao-cultura-e-esporte-de-nova-friburgo-inicia-terca-18\/","title":{"rendered":"Festival Teuto de Educa\u00e7\u00e3o, Cultura e Esporte de Nova Friburgo inicia ter\u00e7a, 18"},"content":{"rendered":"\n<p>O Centro Cultural Teuto Friburguense realizar\u00e1, em parceria com a Secretaria Municipal de Educa\u00e7\u00e3o, o Festival Teuto de Educa\u00e7\u00e3o, Cultura e Esporte de Nova Friburgo a partir da pr\u00f3xima semana. Ser\u00e3o v\u00e1rias atra\u00e7\u00f5es art\u00edsticas e esportivas com a participa\u00e7\u00e3o de alunos do munic\u00edpio voltadas para o tema principal do festival: &#8220;A imigra\u00e7\u00e3o alem\u00e3 em Nova Friburgo&#8221;, servindo como prepara\u00e7\u00e3o para o bicenten\u00e1rio da imigra\u00e7\u00e3o dos alem\u00e3es. As atividades ser\u00e3o abertas ao p\u00fablico.<\/p>\n\n\n\n<p>Veja o cronograma:<\/p>\n\n\n\n<p>18 a 23\/10, de 9h as 17h &#8211; &nbsp;Exposi\u00e7\u00e3o de trovas dos alunos da escola Odette Penna Muniz &#8211; Local: Espa\u00e7o Arp<br>18 a 23\/10, de 9h as 17h &#8211; Exposi\u00e7\u00e3o de poesias dos alunos da escola Santa Paula Frassinetti &#8211; Local: Espa\u00e7o Arp<br>18 a 23\/10, de 9h as 17h &#8211; Exposi\u00e7\u00e3o de reda\u00e7\u00f5es de alunos da escola&nbsp;&nbsp; &nbsp;Maximillian Falck &#8211; Local: Espa\u00e7o Arp<br>18 a 23\/10, de 9h as 17h &#8211; Exposi\u00e7\u00e3o de pinturas (desenho em tela) dos alunos da escola Padre Rafael &#8211; Espa\u00e7o Arp<br>18 a 23\/10, de 9h as 17h &#8211; Exposi\u00e7\u00e3o de desenhos dos alunos da escola Cec\u00edlia Meireles &#8211; Local: Espa\u00e7o Arp<br>19\/10, 14h &#8211; Teatro realizado pelos alunos da escola Vale de Luz &#8211; Local: Na pr\u00f3pria Unidade Escolar<br>20\/10, 10h &#8211; Apresenta\u00e7\u00e3o de dan\u00e7a t\u00edpica com alunos do col\u00e9gio Vevey La Jolie &#8211; Local: Oficina Escola de Artes<br>20\/10, \u00e0s 10h &#8211; Apresenta\u00e7\u00e3o de m\u00fasica t\u00edpica com alunos da escola Rui Barbosa &#8211; Local: Oficina Escola de Artes<br>22\/10, \u00e0s 9h &#8211; Apresenta\u00e7\u00e3o de gin\u00e1stica ol\u00edmpica com alunos da escola Messias de Moraes Teixeira &#8211; Local: Na pr\u00f3pria Unidade Escolar<br>03\/11, \u00e0s 15h15 &#8211; Bol\u00e3o com a participa\u00e7\u00e3o dos alunos da escola Odette Penna Muniz e Dante Magliano &#8211; Local: SEF<br>14 a 20\/11- Exposi\u00e7\u00e3o de trovas dos alunos da escola Odette Penna Muniz &#8211; Local: Shopping Cadima<br>14 a 20\/11 &#8211; Exposi\u00e7\u00e3o de reda\u00e7\u00e3o dos alunos da escola Maximillian Falck &#8211; Local: Cadima Shopping<br>14 a 20\/11 &#8211; Exposi\u00e7\u00e3o de poesias dos alunos da escola &nbsp;&nbsp; &nbsp;Santa Paula Frassinetti &#8211; Local: Cadima Shopping<br>14 a 20\/11 &#8211; Exposi\u00e7\u00e3o de desenhos dos alunos da escola Cec\u00edlia Meireles &#8211; Local: Cadima Shopping<\/p>\n","protected":false},"excerpt":{"rendered":"<p>O Centro Cultural Teuto Friburguense realizar\u00e1, em parceria com a Secretaria Municipal de Educa\u00e7\u00e3o, o<\/p>\n","protected":false},"author":2,"featured_media":45817,"comment_status":"open","ping_status":"open","sticky":false,"template":"","format":"standard","meta":{"footnotes":""},"categories":[17],"tags":[],"class_list":["post-45816","post","type-post","status-publish","format-standard","has-post-thumbnail","hentry","category-outras-noticias"],"_links":{"self":[{"href":"https:\/\/tvc16.com\/portal\/wp-json\/wp\/v2\/posts\/45816","targetHints":{"allow":["GET"]}}],"collection":[{"href":"https:\/\/tvc16.com\/portal\/wp-json\/wp\/v2\/posts"}],"about":[{"href":"https:\/\/tvc16.com\/portal\/wp-json\/wp\/v2\/types\/post"}],"author":[{"embeddable":true,"href":"https:\/\/tvc16.com\/portal\/wp-json\/wp\/v2\/users\/2"}],"replies":[{"embeddable":true,"href":"https:\/\/tvc16.com\/portal\/wp-json\/wp\/v2\/comments?post=45816"}],"version-history":[{"count":1,"href":"https:\/\/tvc16.com\/portal\/wp-json\/wp\/v2\/posts\/45816\/revisions"}],"predecessor-version":[{"id":45818,"href":"https:\/\/tvc16.com\/portal\/wp-json\/wp\/v2\/posts\/45816\/revisions\/45818"}],"wp:featuredmedia":[{"embeddable":true,"href":"https:\/\/tvc16.com\/portal\/wp-json\/wp\/v2\/media\/45817"}],"wp:attachment":[{"href":"https:\/\/tvc16.com\/portal\/wp-json\/wp\/v2\/media?parent=45816"}],"wp:term":[{"taxonomy":"category","embeddable":true,"href":"https:\/\/tvc16.com\/portal\/wp-json\/wp\/v2\/categories?post=45816"},{"taxonomy":"post_tag","embeddable":true,"href":"https:\/\/tvc16.com\/portal\/wp-json\/wp\/v2\/tags?post=45816"}],"curies":[{"name":"wp","href":"https:\/\/api.w.org\/{rel}","templated":true}]}}