{"id":4582,"date":"2020-11-01T18:42:14","date_gmt":"2020-11-01T18:42:14","guid":{"rendered":"https:\/\/tvc16.com\/portal\/?p=4582"},"modified":"2020-11-01T18:42:14","modified_gmt":"2020-11-01T18:42:14","slug":"projeto-de-lei-preve-incentivos-financeiros-a-agentes-comunitarios-de-saude","status":"publish","type":"post","link":"https:\/\/tvc16.com\/portal\/2020\/11\/01\/projeto-de-lei-preve-incentivos-financeiros-a-agentes-comunitarios-de-saude\/","title":{"rendered":"Projeto de lei prev\u00ea incentivos financeiros a agentes comunit\u00e1rios de sa\u00fade"},"content":{"rendered":"\n<p>PL est\u00e1 em tramita\u00e7\u00e3o na C\u00e2mara dos Deputados e busca otimizar repasses federais a estados, munic\u00edpios e DF<\/p>\n\n\n\n<p><a href=\"https:\/\/www.camara.leg.br\/proposicoesWeb\/fichadetramitacao?idProposicao=2261964\" target=\"_blank\" rel=\"noreferrer noopener\">Projeto de lei<\/a> em tramita\u00e7\u00e3o na C\u00e2mara dos Deputados prev\u00ea que agentes comunit\u00e1rios de sa\u00fade e de combate \u00e0 endemias ganhem incentivos financeiros adicionais em seus sal\u00e1rios. <a href=\"http:\/\/www.planalto.gov.br\/ccivil_03\/_ato2004-2006\/2006\/lei\/l11350.htm\" target=\"_blank\" rel=\"noreferrer noopener\">Lei de 2006 <\/a>que regulamenta a atividade desses profissionais estabelece que os estados e munic\u00edpios que cumprirem par\u00e2metros definidos pelo Minist\u00e9rio da Sa\u00fade sejam contemplados com pagamentos complementares para o fortalecimentos do trabalho dos agentes.&nbsp;<\/p>\n\n\n\n<p>Contudo, segundo o autor do projeto, deputado federal Nereu Crispim (PSL-RS), esses recursos extras nem sempre s\u00e3o direcionados a esses servidores e os gestores p\u00fablicos utilizam esses repasses para outras finalidades. &nbsp;O parlamentar afirma que o projeto busca principalmente trazer mais seguran\u00e7a jur\u00eddica para que recursos adicionais do governo federal alcance os agentes.&nbsp;<\/p>\n\n\n\n<p>\u201cN\u00e3o queremos que isso [o pagamento de recursos extras] seja objeto de contingenciamento. A proposta prev\u00ea que o or\u00e7amento para esta finalidade seja efetivado e n\u00e3o seja utilizado para outros fins\u201d, defende.&nbsp;<\/p>\n\n\n\n<p>Para Maria Jos\u00e9 Evangelista, assessora t\u00e9cnica do Conselho Nacional de Secret\u00e1rios de Sa\u00fade (Conass), a aten\u00e7\u00e3o prim\u00e1ria tem se mostrado primordial no enfrentamento ao novo coronav\u00edrus.&nbsp;<\/p>\n\n\n\n<p>\u201cA pandemia chegou ao interior de todo o pa\u00eds. Sabemos que no in\u00edcio [do alastramento da Covid-19], os gestores voltaram \u00e0s aten\u00e7\u00f5es na aten\u00e7\u00e3o hospitalar, mas agora estamos no esfor\u00e7o de organizar a aten\u00e7\u00e3o prim\u00e1ria porque, de fato, n\u00f3s s\u00f3 vamos vencer a pandemia se estivermos pensando em todo o sistema [de sa\u00fade]\u201d, disse Maria em live da entidade.&nbsp;<\/p>\n\n\n\n<p><strong><a href=\"https:\/\/brasil61.com\/noticias\/pesquisa-propoe-modelo-para-acompanhar-e-prever-a-disseminacao-da-covid-19-no-pais-com-foco-no-interior-bras201633\" target=\"_blank\" rel=\"noreferrer noopener\">Pesquisa prop\u00f5e modelo para acompanhar e prever a dissemina\u00e7\u00e3o da Covid-19 no pa\u00eds, com foco no interior<\/a><\/strong><\/p>\n\n\n\n<p><strong><a href=\"https:\/\/brasil61.com\/noticias\/interiorizacao-da-covid-19-preocupa-gestores-de-municipios-pequenos-bras200409\" target=\"_blank\" rel=\"noreferrer noopener\">Interioriza\u00e7\u00e3o da Covid-19 preocupa gestores de munic\u00edpios pequenos<\/a><\/strong><\/p>\n\n\n\n<h2 class=\"wp-block-heading\">Atribui\u00e7\u00f5es<\/h2>\n\n\n\n<p>De acordo com a lei que regulamenta a profiss\u00e3o, \u201co agente comunit\u00e1rio de Sa\u00fade tem como atribui\u00e7\u00e3o o exerc\u00edcio de atividades de preven\u00e7\u00e3o de doen\u00e7as e promo\u00e7\u00e3o da sa\u00fade, mediante a\u00e7\u00f5es domiciliares ou comunit\u00e1rias, individuais ou coletivas, desenvolvidas em conformidade com as diretrizes do SUS e sob supervis\u00e3o do gestor municipal, distrital, estadual ou federal\u201d.<\/p>\n\n\n\n<p>Segundo a mesma a lei, cabe aos agentes de combate \u00e0s endemias o exerc\u00edcio de atividades de vigil\u00e2ncia, preven\u00e7\u00e3o e controle de doen\u00e7as e promo\u00e7\u00e3o da sa\u00fade.<\/p>\n\n\n\n<p>Fonte: <a href=\"https:\/\/brasil61.com\/noticias\/projeto-de-lei-preve-incentivos-financeiros-a-agentes-comunitarios-de-saude-bras201737?email=bethdeoliveira@yahoo.com.br&amp;utm_source=newsletter&amp;utm_medium=newsletter&amp;utm_campaign=newsletter\" target=\"_blank\" rel=\"noreferrer noopener\">Brasil 61<\/a><\/p>\n","protected":false},"excerpt":{"rendered":"<p>PL est\u00e1 em tramita\u00e7\u00e3o na C\u00e2mara dos Deputados e busca otimizar repasses federais a estados,<\/p>\n","protected":false},"author":2,"featured_media":4583,"comment_status":"open","ping_status":"open","sticky":false,"template":"","format":"standard","meta":{"footnotes":""},"categories":[17],"tags":[],"class_list":["post-4582","post","type-post","status-publish","format-standard","has-post-thumbnail","hentry","category-outras-noticias"],"_links":{"self":[{"href":"https:\/\/tvc16.com\/portal\/wp-json\/wp\/v2\/posts\/4582","targetHints":{"allow":["GET"]}}],"collection":[{"href":"https:\/\/tvc16.com\/portal\/wp-json\/wp\/v2\/posts"}],"about":[{"href":"https:\/\/tvc16.com\/portal\/wp-json\/wp\/v2\/types\/post"}],"author":[{"embeddable":true,"href":"https:\/\/tvc16.com\/portal\/wp-json\/wp\/v2\/users\/2"}],"replies":[{"embeddable":true,"href":"https:\/\/tvc16.com\/portal\/wp-json\/wp\/v2\/comments?post=4582"}],"version-history":[{"count":1,"href":"https:\/\/tvc16.com\/portal\/wp-json\/wp\/v2\/posts\/4582\/revisions"}],"predecessor-version":[{"id":4584,"href":"https:\/\/tvc16.com\/portal\/wp-json\/wp\/v2\/posts\/4582\/revisions\/4584"}],"wp:featuredmedia":[{"embeddable":true,"href":"https:\/\/tvc16.com\/portal\/wp-json\/wp\/v2\/media\/4583"}],"wp:attachment":[{"href":"https:\/\/tvc16.com\/portal\/wp-json\/wp\/v2\/media?parent=4582"}],"wp:term":[{"taxonomy":"category","embeddable":true,"href":"https:\/\/tvc16.com\/portal\/wp-json\/wp\/v2\/categories?post=4582"},{"taxonomy":"post_tag","embeddable":true,"href":"https:\/\/tvc16.com\/portal\/wp-json\/wp\/v2\/tags?post=4582"}],"curies":[{"name":"wp","href":"https:\/\/api.w.org\/{rel}","templated":true}]}}