{"id":45822,"date":"2022-10-15T12:25:00","date_gmt":"2022-10-15T15:25:00","guid":{"rendered":"https:\/\/tvc16.com\/portal\/?p=45822"},"modified":"2022-10-15T12:04:39","modified_gmt":"2022-10-15T15:04:39","slug":"provas-do-concurso-publico-da-educacao-acontecem-neste-domingo","status":"publish","type":"post","link":"https:\/\/tvc16.com\/portal\/2022\/10\/15\/provas-do-concurso-publico-da-educacao-acontecem-neste-domingo\/","title":{"rendered":"Provas do concurso p\u00fablico da Educa\u00e7\u00e3o acontecem neste domingo"},"content":{"rendered":"\n<p>As provas do concurso p\u00fablico da Educa\u00e7\u00e3o acontecem neste domingo (16) em dois hor\u00e1rios: 8h para as vagas de n\u00edvel superior e 15h para n\u00edvel m\u00e9dio. Para acessar o local do exame \u00e9 preciso entrar no site da Funda\u00e7\u00e3o Dom Cintra (www.domcintra.org.br) \u2013 organizadora do concurso &#8211; e acessar o Cart\u00e3o de Confirma\u00e7\u00e3o no Portal do Candidato. O edital completo tamb\u00e9m est\u00e1 dispon\u00edvel no site da Prefeitura (www.petropolis.rj.gov.br).<\/p>\n\n\n\n<p>Ao todo, 19.208 candidatos tiveram as inscri\u00e7\u00f5es confirmadas pela Funda\u00e7\u00e3o Dom Cintra. S\u00e3o 877 vagas &#8211; sendo 352 para cargos de n\u00edvel m\u00e9dio (educador de Educa\u00e7\u00e3o Infantil e secret\u00e1rio escolar) e 525 para os de n\u00edvel superior (professores). Do total de vagas, 220 s\u00e3o destinadas a pessoas com defici\u00eancia, negros e ind\u00edgenas.<\/p>\n\n\n\n<p>Os cargos que exigem o Ensino M\u00e9dio s\u00e3o os de educador de Educa\u00e7\u00e3o Infantil e os de Ensino Superior s\u00e3o de professor da Educa\u00e7\u00e3o B\u00e1sica divididos nas seguintes especializa\u00e7\u00f5es: Educa\u00e7\u00e3o Infantil e anos iniciais, Ci\u00eancias, Educa\u00e7\u00e3o Art\u00edstica, Educa\u00e7\u00e3o F\u00edsica, Ensino Religioso, Geografia, Hist\u00f3ria, Ingl\u00eas, Matem\u00e1tica e Portugu\u00eas.<\/p>\n\n\n\n<p>De acordo com o cronograma do concurso, os gabaritos das provas ser\u00e3o divulgados no dia 17. Entre os dias 19 e 20, os candidatos podem entrar com recurso contra os gabaritos. O resultado final das provas ser\u00e1 divulgado no dia 27 de outubro.<\/p>\n\n\n\n<p>A segunda etapa do concurso \u2013 prova de t\u00edtulos \u2013 acontece entre 28 de outubro e quatro de novembro. O resultado final dessa etapa est\u00e1 previsto para o dia 14 de novembro, quando tamb\u00e9m ser\u00e1 divulgado o local e hor\u00e1rio onde o candidato dever\u00e1 fazer a avalia\u00e7\u00e3o psicol\u00f3gica.<\/p>\n\n\n\n<p>A realiza\u00e7\u00e3o de avalia\u00e7\u00e3o psicol\u00f3gica \u00e9 uma novidade do concurso. Os candidatos passar\u00e3o por aplica\u00e7\u00e3o de testes psicol\u00f3gicos, obedecendo \u00e0s normas do Conselho Federal de Psicologia (CFP) e do Conselho Regional de Psicologia (CRP), com as t\u00e9cnicas reconhecidas pela comunidade cient\u00edfica. Ser\u00e1 realizada por banca examinadora composta exclusivamente por profissionais com registro v\u00e1lido no CRP-RJ. Na avalia\u00e7\u00e3o o candidato ser\u00e1 considerado apto ou inapto e ser\u00e1 eliminado, quem n\u00e3o comparecer no dia, hor\u00e1rio e local estabelecido e divulgado.<\/p>\n\n\n\n<p>Ainda de acordo com o cronograma, o resultado final do concurso p\u00fablico da Educa\u00e7\u00e3o est\u00e1 previsto para o dia 16 de dezembro.<\/p>\n","protected":false},"excerpt":{"rendered":"<p>As provas do concurso p\u00fablico da Educa\u00e7\u00e3o acontecem neste domingo (16) em dois hor\u00e1rios: 8h<\/p>\n","protected":false},"author":2,"featured_media":45823,"comment_status":"open","ping_status":"open","sticky":true,"template":"","format":"standard","meta":{"footnotes":""},"categories":[12,264,19],"tags":[],"class_list":["post-45822","post","type-post","status-publish","format-standard","has-post-thumbnail","hentry","category-cidade","category-destaque","category-educacao"],"_links":{"self":[{"href":"https:\/\/tvc16.com\/portal\/wp-json\/wp\/v2\/posts\/45822","targetHints":{"allow":["GET"]}}],"collection":[{"href":"https:\/\/tvc16.com\/portal\/wp-json\/wp\/v2\/posts"}],"about":[{"href":"https:\/\/tvc16.com\/portal\/wp-json\/wp\/v2\/types\/post"}],"author":[{"embeddable":true,"href":"https:\/\/tvc16.com\/portal\/wp-json\/wp\/v2\/users\/2"}],"replies":[{"embeddable":true,"href":"https:\/\/tvc16.com\/portal\/wp-json\/wp\/v2\/comments?post=45822"}],"version-history":[{"count":1,"href":"https:\/\/tvc16.com\/portal\/wp-json\/wp\/v2\/posts\/45822\/revisions"}],"predecessor-version":[{"id":45824,"href":"https:\/\/tvc16.com\/portal\/wp-json\/wp\/v2\/posts\/45822\/revisions\/45824"}],"wp:featuredmedia":[{"embeddable":true,"href":"https:\/\/tvc16.com\/portal\/wp-json\/wp\/v2\/media\/45823"}],"wp:attachment":[{"href":"https:\/\/tvc16.com\/portal\/wp-json\/wp\/v2\/media?parent=45822"}],"wp:term":[{"taxonomy":"category","embeddable":true,"href":"https:\/\/tvc16.com\/portal\/wp-json\/wp\/v2\/categories?post=45822"},{"taxonomy":"post_tag","embeddable":true,"href":"https:\/\/tvc16.com\/portal\/wp-json\/wp\/v2\/tags?post=45822"}],"curies":[{"name":"wp","href":"https:\/\/api.w.org\/{rel}","templated":true}]}}