{"id":45825,"date":"2022-10-15T14:00:00","date_gmt":"2022-10-15T17:00:00","guid":{"rendered":"https:\/\/tvc16.com\/portal\/?p=45825"},"modified":"2022-10-15T13:35:22","modified_gmt":"2022-10-15T16:35:22","slug":"mprj-realiza-fase-ii-da-operacao-caligula%ef%bf%bc","status":"publish","type":"post","link":"https:\/\/tvc16.com\/portal\/2022\/10\/15\/mprj-realiza-fase-ii-da-operacao-caligula%ef%bf%bc\/","title":{"rendered":"MPRJ realiza fase II da Opera\u00e7\u00e3o Cal\u00edgula\ufffc"},"content":{"rendered":"\n<p>O Minist\u00e9rio P\u00fablico do Estado do Rio de Janeiro (MPRJ), por interm\u00e9dio do Grupo de Atua\u00e7\u00e3o Especializada no Combate ao Crime Organizado (GAECO\/MPRJ), com apoio da Coordenadoria de Seguran\u00e7a e Intelig\u00eancia (CSI\/MPRJ), deflagrou, na madrugada desta sexta-feira (14\/10), a segunda fase da Opera\u00e7\u00e3o Cal\u00edgula, visando ao cumprimento de mandados de busca e apreens\u00e3o, expedidos pela 1\u00aa Vara Criminal Especializada no Combate ao Crime Organizado do Rio de Janeiro, em endere\u00e7os localizados em bairros das Zonas Oeste e Sul da capital fluminense.<\/p>\n\n\n\n<p>Ap\u00f3s a deflagra\u00e7\u00e3o da Opera\u00e7\u00e3o Cal\u00edgula, que denunciou 30 pessoas por envolvimento com a organiza\u00e7\u00e3o criminosa liderada por Rog\u00e9rio de Andrade e seu filho Gustavo de Andrade, que explorava jogos de azar em uma complexa estrutura alicer\u00e7ada na corrup\u00e7\u00e3o de agentes p\u00fablicos, na pr\u00e1tica de atos de viol\u00eancia e na lavagem de dinheiro, surgiram novos elementos. As investiga\u00e7\u00f5es indicam que, a despeito da pris\u00e3o de grande parte dos denunciados na Fase I da citada opera\u00e7\u00e3o, o grupo criminoso n\u00e3o interrompeu suas atividades il\u00edcitas.<\/p>\n\n\n\n<p>Neste sentido, as investiga\u00e7\u00f5es demonstraram que o grupo liderado por Rog\u00e9rio e Gustavo de Andrade seguiu normalmente explorando jogos de azar nas localidades dominadas por esta organiza\u00e7\u00e3o criminosa, bem como evidenciaram que servidores da Secretaria de Administra\u00e7\u00e3o Penitenci\u00e1ria do Estado do Rio de Janeiro (SEAP), respons\u00e1vel pela administra\u00e7\u00e3o da unidade prisional em que se encontram as referidas lideran\u00e7as, estavam contemplados na folha de pagamento do grupo, recebendo mensalmente valores em contrapartida ao atendimento dos interesses dos pagadores e de outros comparsas detidos em penitenci\u00e1rias do Estado.<\/p>\n\n\n\n<p>A opera\u00e7\u00e3o deflagrada nesta sexta (14\/10), culminou com o fechamento de um bingo localizado em S\u00e3o Conrado, al\u00e9m da pris\u00e3o de cinco pessoas, da condu\u00e7\u00e3o de outras sete \u00e0 Delegacia de Pol\u00edcia para prestar declara\u00e7\u00f5es e da apreens\u00e3o de 79 m\u00e1quinas de ca\u00e7a-n\u00edquel, bem como de vasta quantidade de aparelhos celulares, computadores, m\u00e1quinas de jogo do bicho, chips telef\u00f4nicos, documentos, valores em esp\u00e9cie, dentre outros elementos que interessam \u00e0s apura\u00e7\u00f5es.<\/p>\n\n\n\n<p><em>Por MPRJ<\/em><\/p>\n","protected":false},"excerpt":{"rendered":"<p>O Minist\u00e9rio P\u00fablico do Estado do Rio de Janeiro (MPRJ), por interm\u00e9dio do Grupo de<\/p>\n","protected":false},"author":2,"featured_media":45826,"comment_status":"open","ping_status":"open","sticky":false,"template":"","format":"standard","meta":{"footnotes":""},"categories":[17,14],"tags":[],"class_list":["post-45825","post","type-post","status-publish","format-standard","has-post-thumbnail","hentry","category-outras-noticias","category-pais"],"_links":{"self":[{"href":"https:\/\/tvc16.com\/portal\/wp-json\/wp\/v2\/posts\/45825","targetHints":{"allow":["GET"]}}],"collection":[{"href":"https:\/\/tvc16.com\/portal\/wp-json\/wp\/v2\/posts"}],"about":[{"href":"https:\/\/tvc16.com\/portal\/wp-json\/wp\/v2\/types\/post"}],"author":[{"embeddable":true,"href":"https:\/\/tvc16.com\/portal\/wp-json\/wp\/v2\/users\/2"}],"replies":[{"embeddable":true,"href":"https:\/\/tvc16.com\/portal\/wp-json\/wp\/v2\/comments?post=45825"}],"version-history":[{"count":1,"href":"https:\/\/tvc16.com\/portal\/wp-json\/wp\/v2\/posts\/45825\/revisions"}],"predecessor-version":[{"id":45827,"href":"https:\/\/tvc16.com\/portal\/wp-json\/wp\/v2\/posts\/45825\/revisions\/45827"}],"wp:featuredmedia":[{"embeddable":true,"href":"https:\/\/tvc16.com\/portal\/wp-json\/wp\/v2\/media\/45826"}],"wp:attachment":[{"href":"https:\/\/tvc16.com\/portal\/wp-json\/wp\/v2\/media?parent=45825"}],"wp:term":[{"taxonomy":"category","embeddable":true,"href":"https:\/\/tvc16.com\/portal\/wp-json\/wp\/v2\/categories?post=45825"},{"taxonomy":"post_tag","embeddable":true,"href":"https:\/\/tvc16.com\/portal\/wp-json\/wp\/v2\/tags?post=45825"}],"curies":[{"name":"wp","href":"https:\/\/api.w.org\/{rel}","templated":true}]}}