{"id":45828,"date":"2022-10-15T14:45:00","date_gmt":"2022-10-15T17:45:00","guid":{"rendered":"https:\/\/tvc16.com\/portal\/?p=45828"},"modified":"2022-10-15T14:06:43","modified_gmt":"2022-10-15T17:06:43","slug":"claudio-castro-participa-da-abertura-do-mais-tradicional-festival-de-chope-e-cerveja-do-mundo","status":"publish","type":"post","link":"https:\/\/tvc16.com\/portal\/2022\/10\/15\/claudio-castro-participa-da-abertura-do-mais-tradicional-festival-de-chope-e-cerveja-do-mundo\/","title":{"rendered":"Cl\u00e1udio Castro participa da abertura do mais tradicional festival de chope e cerveja do mundo"},"content":{"rendered":"\n<p><em>Pela terceira vez na Cidade Maravilhosa, Oktoberfest Rio tem extensa programa\u00e7\u00e3o para este e o pr\u00f3ximo fim de semana\u00a0<\/em><\/p>\n\n\n\n<p>O governador Cl\u00e1udio Castro participou na noite desta sexta-feira (14\/10), da abertura do Oktoberfest Rio, na Marina da Gl\u00f3ria. Junto com o c\u00f4nsul-geral da Alemanha, Dirk Augustin, e do c\u00f4nsul-adjunto, Joachim Schemel, Castro abriu o primeiro barril de chope do evento, que tem a expectativa de reunir pelo menos 10 mil pessoas por dia at\u00e9 amanh\u00e3, e na pr\u00f3xima semana, tamb\u00e9m de sexta-feira a domingo. O festival n\u00e3o pode ser realizado nos \u00faltimos dois anos por conta da pandemia.<br><br>Dirk Augustin agradeceu a presen\u00e7a do governador, que voltou a apostar no retorno de grandes eventos, como Stock Car, ap\u00f3s 10 anos fora do Rio, e Copa Davis, depois de 20 anos, al\u00e9m da ExpoRio Turismo. A terceira edi\u00e7\u00e3o da festa, que apresenta o melhor das culturas germ\u00e2nica e carioca, ganhou um refor\u00e7o dos pr\u00f3prios alem\u00e3es para promover uma verdadeira e tradicional experi\u00eancia da Oktoberfest original.<\/p>\n\n\n\n<p>&#8211; A maior Oktoberfest do mundo \u00e9 a de Munique (na Alemanha), mas aqui (no Rio) \u00e9 a mais divertida. Ainda mais aos p\u00e9s do P\u00e3o de A\u00e7\u00facar &#8211; disse o c\u00f4nsul-geral da Alemanha, participando em seguida do primeiro brinde com o governador, &nbsp;Schemel e membros da organiza\u00e7\u00e3o e dan\u00e7arinos de Petr\u00f3polis, entre eles Alexandre Paiva.<\/p>\n\n\n\n<p>A Oktoberfest Rio, que celebra mais de dois s\u00e9culos da festa de origem germ\u00e2nica, conta com um espa\u00e7o dedicado ao samba, ritmo homenageado nesta edi\u00e7\u00e3o, com apresenta\u00e7\u00f5es de artistas consagrados, como Alcione, Martinho da Vila e o grupo Ra\u00e7a Negra. O toque musical alem\u00e3o fica por conta dos grupos folcl\u00f3ricos Bauernband e Bauernjazz. O espa\u00e7o conta com pra\u00e7a de alimenta\u00e7\u00e3o com op\u00e7\u00f5es da culin\u00e1ria alem\u00e3, espa\u00e7os instagram\u00e1veis e postos m\u00e9dicos.<\/p>\n","protected":false},"excerpt":{"rendered":"<p>Pela terceira vez na Cidade Maravilhosa, Oktoberfest Rio tem extensa programa\u00e7\u00e3o para este e o<\/p>\n","protected":false},"author":2,"featured_media":45829,"comment_status":"open","ping_status":"open","sticky":false,"template":"","format":"standard","meta":{"footnotes":""},"categories":[21,18,17],"tags":[],"class_list":["post-45828","post","type-post","status-publish","format-standard","has-post-thumbnail","hentry","category-cultura","category-economia","category-outras-noticias"],"_links":{"self":[{"href":"https:\/\/tvc16.com\/portal\/wp-json\/wp\/v2\/posts\/45828","targetHints":{"allow":["GET"]}}],"collection":[{"href":"https:\/\/tvc16.com\/portal\/wp-json\/wp\/v2\/posts"}],"about":[{"href":"https:\/\/tvc16.com\/portal\/wp-json\/wp\/v2\/types\/post"}],"author":[{"embeddable":true,"href":"https:\/\/tvc16.com\/portal\/wp-json\/wp\/v2\/users\/2"}],"replies":[{"embeddable":true,"href":"https:\/\/tvc16.com\/portal\/wp-json\/wp\/v2\/comments?post=45828"}],"version-history":[{"count":1,"href":"https:\/\/tvc16.com\/portal\/wp-json\/wp\/v2\/posts\/45828\/revisions"}],"predecessor-version":[{"id":45830,"href":"https:\/\/tvc16.com\/portal\/wp-json\/wp\/v2\/posts\/45828\/revisions\/45830"}],"wp:featuredmedia":[{"embeddable":true,"href":"https:\/\/tvc16.com\/portal\/wp-json\/wp\/v2\/media\/45829"}],"wp:attachment":[{"href":"https:\/\/tvc16.com\/portal\/wp-json\/wp\/v2\/media?parent=45828"}],"wp:term":[{"taxonomy":"category","embeddable":true,"href":"https:\/\/tvc16.com\/portal\/wp-json\/wp\/v2\/categories?post=45828"},{"taxonomy":"post_tag","embeddable":true,"href":"https:\/\/tvc16.com\/portal\/wp-json\/wp\/v2\/tags?post=45828"}],"curies":[{"name":"wp","href":"https:\/\/api.w.org\/{rel}","templated":true}]}}