{"id":45842,"date":"2022-10-15T18:36:00","date_gmt":"2022-10-15T21:36:00","guid":{"rendered":"https:\/\/tvc16.com\/portal\/?p=45842"},"modified":"2022-10-15T15:17:24","modified_gmt":"2022-10-15T18:17:24","slug":"servidores-de-teresopolis-participam-de-capacitacao-sobre-comunicacao-publica-e-utilizacao-de-redes-sociais","status":"publish","type":"post","link":"https:\/\/tvc16.com\/portal\/2022\/10\/15\/servidores-de-teresopolis-participam-de-capacitacao-sobre-comunicacao-publica-e-utilizacao-de-redes-sociais\/","title":{"rendered":"Servidores de Teres\u00f3polis participam de capacita\u00e7\u00e3o sobre comunica\u00e7\u00e3o p\u00fablica e utiliza\u00e7\u00e3o de redes sociais"},"content":{"rendered":"\n<p>A Subsecretaria de Comunica\u00e7\u00e3o Social promoveu, nesta sexta-feira, 14, uma capacita\u00e7\u00e3o para servidores p\u00fablicos que administram p\u00e1ginas e perfis nas m\u00eddias sociais das secretarias municipais, no Teatro Municipal. Ministrado pela Subsecret\u00e1ria de Comunica\u00e7\u00e3o Social, Jannaina Costa, o encontro teve o objetivo de qualificar os servidores para usar com mais efici\u00eancia as m\u00eddias sociais, entendendo o papel dessas plataformas para dar acesso \u00e0 informa\u00e7\u00e3o \u00e0 popula\u00e7\u00e3o, com foco na presta\u00e7\u00e3o de servi\u00e7o e no conte\u00fado de utilidade p\u00fablica.<\/p>\n\n\n\n<p>O conte\u00fado partiu de conceitos fundamentais da Comunica\u00e7\u00e3o P\u00fablica, com destaque para o esclarecimento sobre os princ\u00edpios que regem a atua\u00e7\u00e3o nesta \u00e1rea, que s\u00e3o fundamentalmente os princ\u00edpios da gest\u00e3o p\u00fablica: Legalidade, Moralidade, Impessoalidade, Efici\u00eancia e Publicidade.<\/p>\n\n\n\n<p>Participaram da forma\u00e7\u00e3o servidores municipais das secretarias de Cultura, Esporte e Lazer, Meio Ambiente e Turismo e da pr\u00f3pria Assessoria de Comunica\u00e7\u00e3o, que puderam trocar experi\u00eancias sobre a gest\u00e3o das plataformas e o tipo de linguagem e de conte\u00fado que devem privilegiar em suas publica\u00e7\u00f5es.<\/p>\n\n\n\n<p>&#8220;Nosso objetivo com esse encontro foi orientar os servidores que j\u00e1 atuam na gest\u00e3o das m\u00eddias sociais de suas secretarias sobre a curadoria de conte\u00fado, a linguagem que deve ser utilizada, a forma de responder os cidad\u00e3os e outras quest\u00f5es pertinentes \u00e0 gest\u00e3o desse tipo de plataforma. Nossa inten\u00e7\u00e3o foi mostrar que as m\u00eddias s\u00e3o canais muito importantes para a rela\u00e7\u00e3o da Prefeitura com a popula\u00e7\u00e3o, para presta\u00e7\u00e3o de servi\u00e7o e tamb\u00e9m para presta\u00e7\u00e3o de contas das a\u00e7\u00f5es do Governo. Portanto, devemos cuidar para que sejam espa\u00e7os de di\u00e1logo e transpar\u00eancia e que n\u00e3o podemos perder de vista que prestamos um servi\u00e7o ao usar essas plataformas e que, portanto, precisam ter conte\u00fado qualificado, com linguagem acess\u00edvel ao p\u00fablico t\u00e3o variado que acompanha e que seja ferramenta para o exerc\u00edcio da democracia e da cidadania&#8221;, comentou a Subsecret\u00e1ria de Comunica\u00e7\u00e3o.<\/p>\n\n\n\n<p>O Subsecret\u00e1rio de Cultura, Ricardo Guarilha, pontuou a import\u00e2ncia do curso para que todos os funcion\u00e1rios que lidam com as m\u00eddias sociais saibam usar a comunica\u00e7\u00e3o de forma clara e transparente. \u201cO treinamento oferecido pela Assessoria de Comunica\u00e7\u00e3o Social foi determinante para que os funcion\u00e1rios envolvidos tivessem a oportunidade de obter informa\u00e7\u00f5es pr\u00e1ticas, para comunicar com clareza e dentro dos protocolos as a\u00e7\u00f5es desenvolvidas pelas v\u00e1rias secretarias em seus canais de divulga\u00e7\u00e3o.\u201d<\/p>\n\n\n\n<p>Ascom Teres\u00f3polis e Fotos de Bruno Nepomuceno.<\/p>\n","protected":false},"excerpt":{"rendered":"<p>A Subsecretaria de Comunica\u00e7\u00e3o Social promoveu, nesta sexta-feira, 14, uma capacita\u00e7\u00e3o para servidores p\u00fablicos que<\/p>\n","protected":false},"author":2,"featured_media":45843,"comment_status":"open","ping_status":"open","sticky":false,"template":"","format":"standard","meta":{"footnotes":""},"categories":[17],"tags":[],"class_list":["post-45842","post","type-post","status-publish","format-standard","has-post-thumbnail","hentry","category-outras-noticias"],"_links":{"self":[{"href":"https:\/\/tvc16.com\/portal\/wp-json\/wp\/v2\/posts\/45842","targetHints":{"allow":["GET"]}}],"collection":[{"href":"https:\/\/tvc16.com\/portal\/wp-json\/wp\/v2\/posts"}],"about":[{"href":"https:\/\/tvc16.com\/portal\/wp-json\/wp\/v2\/types\/post"}],"author":[{"embeddable":true,"href":"https:\/\/tvc16.com\/portal\/wp-json\/wp\/v2\/users\/2"}],"replies":[{"embeddable":true,"href":"https:\/\/tvc16.com\/portal\/wp-json\/wp\/v2\/comments?post=45842"}],"version-history":[{"count":1,"href":"https:\/\/tvc16.com\/portal\/wp-json\/wp\/v2\/posts\/45842\/revisions"}],"predecessor-version":[{"id":45844,"href":"https:\/\/tvc16.com\/portal\/wp-json\/wp\/v2\/posts\/45842\/revisions\/45844"}],"wp:featuredmedia":[{"embeddable":true,"href":"https:\/\/tvc16.com\/portal\/wp-json\/wp\/v2\/media\/45843"}],"wp:attachment":[{"href":"https:\/\/tvc16.com\/portal\/wp-json\/wp\/v2\/media?parent=45842"}],"wp:term":[{"taxonomy":"category","embeddable":true,"href":"https:\/\/tvc16.com\/portal\/wp-json\/wp\/v2\/categories?post=45842"},{"taxonomy":"post_tag","embeddable":true,"href":"https:\/\/tvc16.com\/portal\/wp-json\/wp\/v2\/tags?post=45842"}],"curies":[{"name":"wp","href":"https:\/\/api.w.org\/{rel}","templated":true}]}}