{"id":45845,"date":"2022-10-16T11:30:00","date_gmt":"2022-10-16T14:30:00","guid":{"rendered":"https:\/\/tvc16.com\/portal\/?p=45845"},"modified":"2022-10-15T15:31:54","modified_gmt":"2022-10-15T18:31:54","slug":"especialista-de-petropolis-e-selecionado-para-programa-de-pesquisa-da-sociedade-brasileira-de-oncologia","status":"publish","type":"post","link":"https:\/\/tvc16.com\/portal\/2022\/10\/16\/especialista-de-petropolis-e-selecionado-para-programa-de-pesquisa-da-sociedade-brasileira-de-oncologia\/","title":{"rendered":"Especialista de Petr\u00f3polis \u00e9 selecionado para programa de pesquisa da Sociedade Brasileira de Oncologia"},"content":{"rendered":"\n<p>M\u00e9dico Oncologista do Centro de Terapia Oncol\u00f3gica &#8211; CTO, Pedro Alexandre Ismael Amaral Silva, foi selecionado e ser\u00e1 o representante da regi\u00e3o Sudeste para o Programa de Pesquisa Cl\u00ednica da Sociedade Brasileira de Oncologia Cl\u00ednica (SBOC).<\/p>\n\n\n\n<p>Criado em 2018, o programa tem como objetivo estimular a estrutura\u00e7\u00e3o de servi\u00e7os voltados para pesquisa oncol\u00f3gica.&nbsp; O treinamento j\u00e1 come\u00e7a na pr\u00f3xima semana com uma imers\u00e3o no Centro de Pesquisa Cl\u00ednica em Oncologia de Iju\u00ed&nbsp;(ONCOSITE),&nbsp;no Rio Grande do Sul.<\/p>\n\n\n\n<p>\u201cFoi uma not\u00edcia de \u00faltima hora que me alegrou muito. \u00c9 o CTO Petr\u00f3polis sendo representado nacionalmente. Uma oportunidade \u00fanica para iniciar os passos da pesquisa cl\u00ednica em Petr\u00f3polis e beneficiar os pacientes da nossa cidade e regi\u00e3o\u201d, diz Pedro Ismael.<\/p>\n","protected":false},"excerpt":{"rendered":"<p>M\u00e9dico Oncologista do Centro de Terapia Oncol\u00f3gica &#8211; CTO, Pedro Alexandre Ismael Amaral Silva, foi<\/p>\n","protected":false},"author":2,"featured_media":45846,"comment_status":"open","ping_status":"open","sticky":false,"template":"","format":"standard","meta":{"footnotes":""},"categories":[12,264,13],"tags":[],"class_list":["post-45845","post","type-post","status-publish","format-standard","has-post-thumbnail","hentry","category-cidade","category-destaque","category-saude"],"_links":{"self":[{"href":"https:\/\/tvc16.com\/portal\/wp-json\/wp\/v2\/posts\/45845","targetHints":{"allow":["GET"]}}],"collection":[{"href":"https:\/\/tvc16.com\/portal\/wp-json\/wp\/v2\/posts"}],"about":[{"href":"https:\/\/tvc16.com\/portal\/wp-json\/wp\/v2\/types\/post"}],"author":[{"embeddable":true,"href":"https:\/\/tvc16.com\/portal\/wp-json\/wp\/v2\/users\/2"}],"replies":[{"embeddable":true,"href":"https:\/\/tvc16.com\/portal\/wp-json\/wp\/v2\/comments?post=45845"}],"version-history":[{"count":1,"href":"https:\/\/tvc16.com\/portal\/wp-json\/wp\/v2\/posts\/45845\/revisions"}],"predecessor-version":[{"id":45847,"href":"https:\/\/tvc16.com\/portal\/wp-json\/wp\/v2\/posts\/45845\/revisions\/45847"}],"wp:featuredmedia":[{"embeddable":true,"href":"https:\/\/tvc16.com\/portal\/wp-json\/wp\/v2\/media\/45846"}],"wp:attachment":[{"href":"https:\/\/tvc16.com\/portal\/wp-json\/wp\/v2\/media?parent=45845"}],"wp:term":[{"taxonomy":"category","embeddable":true,"href":"https:\/\/tvc16.com\/portal\/wp-json\/wp\/v2\/categories?post=45845"},{"taxonomy":"post_tag","embeddable":true,"href":"https:\/\/tvc16.com\/portal\/wp-json\/wp\/v2\/tags?post=45845"}],"curies":[{"name":"wp","href":"https:\/\/api.w.org\/{rel}","templated":true}]}}